{"id":22116,"date":"2025-01-02T12:58:13","date_gmt":"2025-01-02T10:58:13","guid":{"rendered":"http:\/\/moda.covermagazin.com\/?p=22116"},"modified":"2025-01-10T12:46:02","modified_gmt":"2025-01-10T10:46:02","slug":"moderne-seksi-frizure-za-kratku-i-srednje-dugu-kosu","status":"publish","type":"post","link":"https:\/\/moda.covermagazin.com\/?p=22116","title":{"rendered":"Moderne frizure za 2025. kratku i srednje dugu kosu"},"content":{"rendered":"\n<figure class=\"wp-block-image size-full\"><img decoding=\"async\" src=\"https:\/\/moda.covermagazin.com\/wp-content\/uploads\/2022\/03\/aktualne-frizure-11.jpg\" alt=\"\" class=\"wp-image-50671\"\/><\/figure>\n\n\n\n<h2 class=\"wp-block-heading\">Moderne frizure za kratku i srednje dugu kosu<\/h2>\n\n\n\n<p>Ako ve\u0107 neko vrijeme razmi\u0161ljate o \u0161i\u0161anju, ovo je odli\u010dan trenutak. Frizure za 2025. jako su inspirativne i raznolike. <\/p>\n\n\n\n<p>Bob je i dalje moderan, pa s njim ne mo\u017eete pogrije\u0161iti. Ukoliko ste ekstravagantniji tip djevojke mo\u017eete se oku\u0161ati u stilu Miley Cyrus, djevojke koja ve\u0107 nekoliko sezona diktira trendovima za kratku kosu. Ukoliko tra\u017eite frizure umjerenog stila srednje kratku kosu, ispod su odli\u010dne frizure za kratku i srednje dugu kosu koje zra\u010de seksipilnom. <\/p>\n\n\n\n<figure class=\"wp-block-gallery has-nested-images columns-2 is-cropped wp-block-gallery-1 is-layout-flex wp-block-gallery-is-layout-flex\">\n<figure class=\"wp-block-image size-large\"><img decoding=\"async\" data-id=\"50730\" src=\"https:\/\/moda.covermagazin.com\/wp-content\/uploads\/2021\/02\/srednje-kratke-frizure-bob-i-lob-4.jpg\" alt=\"\" class=\"wp-image-50730\"\/><\/figure>\n\n\n\n<figure class=\"wp-block-image size-large\"><img decoding=\"async\" data-id=\"50731\" src=\"https:\/\/moda.covermagazin.com\/wp-content\/uploads\/2021\/02\/srednje-kratke-frizure-bob-i-lob-3.jpg\" alt=\"\" class=\"wp-image-50731\"\/><\/figure>\n\n\n\n<figure class=\"wp-block-image size-large\"><img decoding=\"async\" data-id=\"50733\" src=\"https:\/\/moda.covermagazin.com\/wp-content\/uploads\/2021\/02\/srednje-kratke-frizure-bob-i-lob-2.jpg\" alt=\"\" class=\"wp-image-50733\"\/><\/figure>\n\n\n\n<figure class=\"wp-block-image size-large\"><img decoding=\"async\" data-id=\"50734\" src=\"https:\/\/moda.covermagazin.com\/wp-content\/uploads\/2021\/02\/srednje-kratke-frizure-3.jpg\" alt=\"\" class=\"wp-image-50734\"\/><\/figure>\n\n\n\n<figure class=\"wp-block-image size-large\"><img decoding=\"async\" data-id=\"50732\" src=\"https:\/\/moda.covermagazin.com\/wp-content\/uploads\/2021\/02\/srednje-kratke-frizure-bob-i-lob-1.jpg\" alt=\"\" class=\"wp-image-50732\"\/><\/figure>\n<\/figure>\n\n\n\n<figure class=\"wp-block-gallery has-nested-images columns-2 is-cropped wp-block-gallery-2 is-layout-flex wp-block-gallery-is-layout-flex\">\n<figure class=\"wp-block-image size-large\"><img decoding=\"async\" data-id=\"50720\" src=\"https:\/\/moda.covermagazin.com\/wp-content\/uploads\/2023\/04\/frizure-17.jpg\" alt=\"\" class=\"wp-image-50720\"\/><\/figure>\n\n\n\n<figure class=\"wp-block-image size-large\"><img decoding=\"async\" data-id=\"50676\" src=\"https:\/\/moda.covermagazin.com\/wp-content\/uploads\/2022\/03\/aktualne-frizure-14-1.jpg\" alt=\"\" class=\"wp-image-50676\"\/><\/figure>\n\n\n\n<figure class=\"wp-block-image size-large\"><img decoding=\"async\" data-id=\"50674\" src=\"https:\/\/moda.covermagazin.com\/wp-content\/uploads\/2022\/03\/aktualne-frizure-14.jpg\" alt=\"\" class=\"wp-image-50674\"\/><\/figure>\n\n\n\n<figure class=\"wp-block-image size-large\"><img decoding=\"async\" data-id=\"50671\" src=\"https:\/\/moda.covermagazin.com\/wp-content\/uploads\/2022\/03\/aktualne-frizure-11.jpg\" alt=\"\" class=\"wp-image-50671\"\/><\/figure>\n\n\n\n<figure class=\"wp-block-image size-large\"><img decoding=\"async\" data-id=\"50658\" src=\"https:\/\/moda.covermagazin.com\/wp-content\/uploads\/2023\/07\/stepenaste-frizure-1.jpg\" alt=\"\" class=\"wp-image-50658\"\/><\/figure>\n\n\n\n<figure class=\"wp-block-image size-large\"><img decoding=\"async\" data-id=\"50609\" src=\"https:\/\/moda.covermagazin.com\/wp-content\/uploads\/2023\/07\/Kratke-frizure-za-mlade-zene-3.jpg\" alt=\"\" class=\"wp-image-50609\"\/><\/figure>\n\n\n\n<figure class=\"wp-block-image size-large\"><img decoding=\"async\" data-id=\"50602\" src=\"https:\/\/moda.covermagazin.com\/wp-content\/uploads\/2023\/05\/kratka-kosa-2024-2.jpg\" alt=\"\" class=\"wp-image-50602\"\/><\/figure>\n\n\n\n<figure class=\"wp-block-image size-large\"><img decoding=\"async\" data-id=\"50607\" src=\"https:\/\/moda.covermagazin.com\/wp-content\/uploads\/2023\/07\/Kratke-frizure-za-mlade-zene-2.jpg\" alt=\"\" class=\"wp-image-50607\"\/><\/figure>\n\n\n\n<figure class=\"wp-block-image size-large\"><img decoding=\"async\" data-id=\"50589\" src=\"https:\/\/moda.covermagazin.com\/wp-content\/uploads\/2022\/03\/kratke-frizure-za-2024-1.jpg\" alt=\"\" class=\"wp-image-50589\"\/><\/figure>\n<\/figure>\n","protected":false},"excerpt":{"rendered":"<p>Moderne frizure za kratku i srednje dugu kosu Ako ve\u0107 neko vrijeme razmi\u0161ljate o \u0161i\u0161anju, ovo je odli\u010dan trenutak. Frizure za 2025. jako su inspirativne i raznolike. Bob je i dalje moderan, pa s njim ne mo\u017eete pogrije\u0161iti. Ukoliko ste ekstravagantniji tip djevojke mo\u017eete se oku\u0161ati u stilu Miley Cyrus, djevojke koja ve\u0107 nekoliko sezona [&hellip;]<\/p>\n","protected":false},"author":1,"featured_media":0,"comment_status":"open","ping_status":"open","sticky":false,"template":"","format":"standard","meta":{"footnotes":""},"categories":[4,1043],"tags":[1080,1324],"class_list":["post-22116","post","type-post","status-publish","format-standard","hentry","category-frizure_poznatih","category-moda-2018","tag-frizure-2016","tag-srednje-kratke-frizure"],"_links":{"self":[{"href":"https:\/\/moda.covermagazin.com\/index.php?rest_route=\/wp\/v2\/posts\/22116","targetHints":{"allow":["GET"]}}],"collection":[{"href":"https:\/\/moda.covermagazin.com\/index.php?rest_route=\/wp\/v2\/posts"}],"about":[{"href":"https:\/\/moda.covermagazin.com\/index.php?rest_route=\/wp\/v2\/types\/post"}],"author":[{"embeddable":true,"href":"https:\/\/moda.covermagazin.com\/index.php?rest_route=\/wp\/v2\/users\/1"}],"replies":[{"embeddable":true,"href":"https:\/\/moda.covermagazin.com\/index.php?rest_route=%2Fwp%2Fv2%2Fcomments&post=22116"}],"version-history":[{"count":11,"href":"https:\/\/moda.covermagazin.com\/index.php?rest_route=\/wp\/v2\/posts\/22116\/revisions"}],"predecessor-version":[{"id":51294,"href":"https:\/\/moda.covermagazin.com\/index.php?rest_route=\/wp\/v2\/posts\/22116\/revisions\/51294"}],"wp:attachment":[{"href":"https:\/\/moda.covermagazin.com\/index.php?rest_route=%2Fwp%2Fv2%2Fmedia&parent=22116"}],"wp:term":[{"taxonomy":"category","embeddable":true,"href":"https:\/\/moda.covermagazin.com\/index.php?rest_route=%2Fwp%2Fv2%2Fcategories&post=22116"},{"taxonomy":"post_tag","embeddable":true,"href":"https:\/\/moda.covermagazin.com\/index.php?rest_route=%2Fwp%2Fv2%2Ftags&post=22116"}],"curies":[{"name":"wp","href":"https:\/\/api.w.org\/{rel}","templated":true}]}}