{"id":21977,"date":"2015-12-14T11:14:53","date_gmt":"2015-12-14T09:14:53","guid":{"rendered":"http:\/\/moda.covermagazin.com\/?p=21977"},"modified":"2024-09-30T22:04:11","modified_gmt":"2024-09-30T20:04:11","slug":"savrsen-zavrsetak-fashion-weeka-zagreb-7-revija-7-razlicitih-stilova","status":"publish","type":"post","link":"https:\/\/moda.covermagazin.com\/?p=21977","title":{"rendered":"Savr\u0161en zavr\u0161etak Fashion Weeka Zagreb: 7 revija, 7 razli\u010ditih stilova"},"content":{"rendered":"<h3><a href=\"http:\/\/moda.covermagazin.com\/wp-content\/uploads\/2015\/12\/fashion_week_f.jpg\"><img loading=\"lazy\" decoding=\"async\" class=\"alignnone size-full wp-image-21978\" src=\"http:\/\/moda.covermagazin.com\/wp-content\/uploads\/2015\/12\/fashion_week_f.jpg\" alt=\"fashion_week_f\" width=\"420\" height=\"380\" \/><\/a><\/h3>\n<h3>Savr\u0161en zavr\u0161etak Fashion Weeka Zagreb: 7 revija, 7 razli\u010ditih stilova<\/h3>\n<p>Sino\u0107 je senzacionalno zavr\u0161io ovosezonski Fashion Week Zagreb powered by Kaufland koji je osim svojom novom lokacijom u Green Gold Centru, odu\u0161evio i novim prolje\u0107e\/ljeto kolekcijama poznatih doma\u0107ih i stranih dizajnera. Iznimno bogat program s \u010dak 7 revija po danu kojeg je priredio Fashion Week Zagreb, najdugovje\u010dnije i jedino internacionalno modno doga\u0111anje u Hrvatskoj, ponovno je pratila mnogobrojna publika i prepuni prvi redovi s mnogobrojnim poznatim licima. Tako su revije iz prvih redova pratili zvijezde poput Antonije \u0160ole, Matije Prskalo, Ane Maras, Nele Kocsis, Almire Osmanovi\u0107, Aleksandra Mili\u0107a Milija &#8211;\u00a0 Miligrama, Ive Karlovi\u0107a sa suprugom, Elizabete Gojan, Nade Abrus, Borisa i Valerije \u0110ur\u0111evi\u0107, Ur\u0161ule Tolj, Marija Mi\u0161e, Mirne Spori\u0161, Martine Felje, Tomislava Bahori\u0107a, Hameda i Kristine Bangoure, Sanje Pili\u0107, Livije Butu\u010di, Sandre Markovi\u0107, Sanje Agi\u0107, Tanje Soldo, Ana Petri\u010di\u0107 Gojanovi\u0107, Ana Kurjak, Danijela Gajski i mnogih drugih\u2026<\/p>\n<p>Ovosezonski je Fashion Week Zagreb powered by Kaufland obilje\u017eio i live streaming Generator TV-a koji je uz pomo\u0107 \u010dak 5 kamera, re\u017eije te voditelja pratio svaku kretnju i izjavu dizajnera, manekenki te brojnih poznatih gostiju i ljubitelja mode koji su budno pratili sve revije FWZ-a.<\/p>\n<p>Sino\u0107 je revije proljetno\/ljetnih kolekcija Fashion Weeka Zagreb by Kaufland otvorila Ru\u017ea Hodak, zatim Hope by Irena Beri\u0161i\u0107 Turk i Kata Szegedi, a nakon kratke pauze, kolekciju su prikazali Kruno Jendrijev, Nika \u010cui\u0107 te Iggy Popovi\u0107, a Igor Gala\u0161 by Mamita koji je svoju reviju upotpunio instalacijama u kosi Marija Tre\u0161\u010deca,\u00a0 zatvorio ovosezonski FWZ.<\/p>\n<p>Kako bi se atmosfera Fashion Weeka Zagreb produ\u017eila barem jo\u0161 malo, organiziran je after party u Bulldogu gdje se uz bend Soul Shadows zabavljao dugo u no\u0107.<\/p>\n<p><strong>Veliki povratak doajena hrvatskog modnog dizajna Ru\u017ee Hodak!<\/strong><\/p>\n<p><a href=\"http:\/\/moda.covermagazin.com\/wp-content\/uploads\/2015\/12\/ruza_hodak-10-of-16.jpg\"><img loading=\"lazy\" decoding=\"async\" class=\"alignnone size-full wp-image-21979\" src=\"http:\/\/moda.covermagazin.com\/wp-content\/uploads\/2015\/12\/ruza_hodak-10-of-16.jpg\" alt=\"ruza_hodak (10 of 16)\" width=\"600\" height=\"900\" \/><\/a><\/p>\n<p>Revija Zagrep\u010danke Ru\u017ee Hodak, velike umjetnice i jedne od najboljih hrvatskih dizajnerica ikad, ostavila je sve prisutne bez daha. Naime, upravo jedna iznimna situacija, kao izazov, potakla ju je na ne\u0161to\u00a0 druga\u010diji\u00a0 dizajnerski\u00a0 pristup. NE-kolekcija koju je sino\u0107 prikazala na Fashion Weeku Zagreb je\u00a0 niz modela kao\u00a0 rezultat kreativnog procesa koji te\u017ei \u201cmodu\u201d premjestiti van\u00a0 njenih\u00a0 uobi\u010dajenih granica. Kolekcija je namijenjena mla\u0111oj publici koja vo\u0111ena znati\u017eeljom, istra\u017euje nove putove, van uniformne estetike. Niz\u00a0 je to odjevnih\u00a0 kompozicija koji se generiraju kroz\u00a0 sa\u017eimanje razli\u010ditih podru\u010dja, znanja i transdisciplinarni kreativni proces kojim je \u017eeljela pokazati ne\u0161to druga\u010dije razmi\u0161ljanje o modi. Modeli su krojeni za \u017eenstvene siluete na kojima se isti\u010du njezine najbolje kvalitete koje svaka \u017eena posjeduje \u2013 seksi obline.<\/p>\n<p><strong>Alan Hr\u017eica, Stjepan Bo\u017ei\u0107 i Valerija \u0110ur\u0111evi\u0107 zvijezde brenda Hope by Irena Beri\u0161i\u0107 Turk<\/strong><\/p>\n<p><a href=\"http:\/\/moda.covermagazin.com\/wp-content\/uploads\/2015\/12\/irena_berisic_turk-1-of-15.jpg\"><img loading=\"lazy\" decoding=\"async\" class=\"alignnone size-full wp-image-21981\" src=\"http:\/\/moda.covermagazin.com\/wp-content\/uploads\/2015\/12\/irena_berisic_turk-1-of-15.jpg\" alt=\"irena_berisic_turk (1 of 15)\" width=\"600\" height=\"900\" \/><\/a><\/p>\n<p>Irena Beri\u0161i\u0107-Turk prisutna je na Hrvatskoj modnoj sceni\u00a0 ve\u0107 20 godina, a njezin su rad svakako obilje\u017eile dnevne i cocktail haljine, vrlo jednostavne i nosive, a opet originalne i funkcionalne. Irena od 2013. godine dizajnira pod markom Hope koja ne odi\u0161e samo modom, ve\u0107 predstavlja na\u010din \u017eivota neoptere\u0107en trendovima, donosi svje\u017einu i i ukazuje na vedriji pristup \u017eivotu. Sino\u0107 je predstavljena kolekcija na temu ljubavi\u00a0 inspirirana Hvalospjevom ljubavi. Za sezonu prolje\u0107e\/ljeto 2016. modna marka Hope predstavila je isklju\u010divo mu\u0161ke majice te tunike za \u017eene\u00a0 (\u0161to je i osnova brenda)\u00a0 u bijeloj i sivoj boji s porukama.\u00a0 Hope brend razvijen je u suradnji s grafi\u010dkim dizajnerom Domagojem Kre\u0161om Lovri\u0107em te akademskom slikaricom Anom Barbi\u0107 Kati\u010di\u0107. Projekt Hope predstavlja i humanitarnu notu koji je kao stvoren za ovo predbo\u017ei\u0107no razdoblje.<\/p>\n<p><strong>Dekonstrukcija kao temelj kolekcije ma\u0111arske dizajnerica Kate Szegedi<\/strong><\/p>\n<p><a href=\"http:\/\/moda.covermagazin.com\/wp-content\/uploads\/2015\/12\/kata_szegedi-23-of-27.jpg\"><img loading=\"lazy\" decoding=\"async\" class=\"alignnone size-full wp-image-21982\" src=\"http:\/\/moda.covermagazin.com\/wp-content\/uploads\/2015\/12\/kata_szegedi-23-of-27.jpg\" alt=\"kata_szegedi (23 of 27)\" width=\"600\" height=\"900\" \/><\/a><\/p>\n<p>Kata Szegedi jedna je od najpopularnijih dizajnera u Ma\u0111arskoj. Privukla je pa\u017enju javnosti \u010dak i prije nego je diplomirala u 2009. na KREA Contemporary Arts Institutu u Budimpe\u0161ti. Osvojila je nagradu za najboljeg mladog dizajnera na Fashion Awardsima Ma\u0111arske iste godine, ali i nagradu Best Fashion Designer koju organizira magazin Glamour. Proljetna kolekcija Kate Szegedi koju je sino\u0107 prikaza na zagreba\u010dkoj pisti, inspirirana je trash umjetno\u0161\u0107u, poznatijom kao proma\u0161ajnom umjetno\u0161\u0107u, foto-manipulacijom, dekonstrukcijom i rekonstrukcijom. Po\u010detna inspiracija bila joj je slika Konr\u00e1da Gazdaga koja se pojavljuje u svojoj originalnoj formi te u dekonsturiranoj formi koju je stvorila Kata. Komadi kolekcije prolje\u0107e\/ljeto 2016 okarakterizirali su miks mu\u017eevnosti i \u017eenstvenosti te dali kontrast i osobnost te uzbu\u0111enje istom.<\/p>\n<p><strong>Najbolja kolekcija Krune Jednrijeva ikad!<\/strong><\/p>\n<p><a href=\"http:\/\/moda.covermagazin.com\/wp-content\/uploads\/2015\/12\/kruno_jendrijev-8-of-12.jpg\"><img loading=\"lazy\" decoding=\"async\" class=\"alignnone size-full wp-image-21983\" src=\"http:\/\/moda.covermagazin.com\/wp-content\/uploads\/2015\/12\/kruno_jendrijev-8-of-12.jpg\" alt=\"kruno_jendrijev (8 of 12)\" width=\"600\" height=\"900\" \/><\/a><\/p>\n<p>Nova kolekcija Krune Jendrijeva sino\u0107 prikazana na reviji FWZ-a, savr\u0161ena je i vrlo prakti\u010dna. Izra\u0111ena od bazi\u010dnih prirodnih materijala, pamuka i vune, koje je Kruno potom obradio tehnikama koje \u010duvaju njihova za\u0161titna svojstva. Impregnacija silikonske paste na pamu\u010dnu tkaninu u\u010dini su je vodootpornom, dok ju je pranje u kupelji na bazi fosfora u\u010dinilo da svijetli u mraku. Rije\u010d je o tehnikama obrade koje se ina\u010de ve\u017eu uz izradu odijela radnika u ekstremnim, zahtjevnim i potencijalno opasnim uvjetima \u2013 vatrogascima, \u010dista\u010dima i radnicima na cesti, a koje dizajner ovoga puta primijenio na odje\u0107u namijenjenu svakodnevnom no\u0161enju.<\/p>\n<p>Cjelokupna kolekcija nosi i vrlo va\u017enu poruku: obrada tkanine predstavlja simbol za\u0161tite od \u0161tetnih utjecaja koji vr\u0161e pritisak nad na\u0161om osobno\u0161\u0107u, a paspul koji svijetli u mraku nagovje\u0161taj unutarnjeg sjaja koji nas i dalje poti\u010de da budemo ono \u0161to jesmo. Moda je tako postala na\u0161a druga, za\u0161titna ko\u017ea, a istovremeno s prakti\u010dnom namjenom: tehni\u010dki obra\u0111ena odje\u0107a bolje \u0107e nas \u0161titi od vremenskih promjena i (ne)prilika, zbog \u010dega je idealna za ovo doba.<\/p>\n<p><strong>Novo lice hrvatske mode koje treba upamtiti odmah &#8211; Nika \u010cui\u0107<\/strong><\/p>\n<p><a href=\"http:\/\/moda.covermagazin.com\/wp-content\/uploads\/2015\/12\/nika_cuic-7-of-10.jpg\"><img loading=\"lazy\" decoding=\"async\" class=\"alignnone size-full wp-image-21984\" src=\"http:\/\/moda.covermagazin.com\/wp-content\/uploads\/2015\/12\/nika_cuic-7-of-10.jpg\" alt=\"nika_cuic (7 of 10)\" width=\"600\" height=\"900\" \/><\/a><\/p>\n<p>Nika \u010cui\u0107 je novo lice na\u0161e modne scene koje definitivno treba zapamtiti. Pro\u0161li FWZ\u00a0 predstavila se u sklopu Profokusovog projekta modnog kolektiva ill\/est, a ovaj put odlu\u010dila je predstaviti svoju prvu samostalnu reviju. Kolekcija \u201eab.yss\u201c inspirirana je unutarnjim stanjem pojedinca, odnosno rastrgano\u0161\u0107u ljudskog identiteta. Navedeno stanje prikazano je disharmonijom strukture materijala i kontrastnim nebojama. Kolekcija, u kojoj prevladavaju crna i bijela (ne)boja, izra\u0111ena je od \u010dvr\u0161\u0107ih i laganijih pamu\u010dnih tkanina te neoprena i skube. Izrada ove kolekcije predstavila je odmicanje od komercijalnog pristupa modi i negiranje mode kao takve &#8211; od konstrukcijski slo\u017eenih komada odje\u0107e ukomponiranih s jednostavnijim modelima. Bravo za Niku!<\/p>\n<p><strong>Iggy Popovi\u0107 slavi sna\u017enu \u017eenu \u201eNo Matter What\u2026\u201c!<\/strong><\/p>\n<p><a href=\"http:\/\/moda.covermagazin.com\/wp-content\/uploads\/2015\/12\/iggy_popovic-8-of-32.jpg\"><img loading=\"lazy\" decoding=\"async\" class=\"alignnone size-full wp-image-21985\" src=\"http:\/\/moda.covermagazin.com\/wp-content\/uploads\/2015\/12\/iggy_popovic-8-of-32.jpg\" alt=\"iggy_popovic (8 of 32)\" width=\"600\" height=\"900\" \/><\/a><\/p>\n<p>Iggy Popovi\u0107 kolekcijom \u201cNo Matter What&#8230;\u201d za prolje\u0107e\/ljeto 2016, oslobodio je \u017eenu romantike i nje\u017enosti. U vremenu kad \u017eene jo\u0161 jednom dokazuju svoju unutarnju snagu i sposobnost, Iggy ih je odjenuo u komade inspirirane ameri\u010dkom vojskom, ne gube\u0107i njihovu \u017eenstvenost i mo\u0107 seksepila. Nova kolekcija pri\u010da pri\u010du o \u017eenama koje \u017eele mar\u0161irati gradom, kao na modnoj pisti. Nosiva, luksuzna i udobna sportska elegancija, najbolji je opis kolekcije prikazane na sino\u0107njoj reviji. Kolekcija inspirirana ameri\u010dkom vojskom i glazbeno-modnom ikonom s kraja 70-ih, Deborom Harry (Blondie), spoj\u00a0 jenespojivog. &#8220;Military kitch&#8221;, jo\u0161 je jednom postao\u00a0 okosnica rada Iggyja Popovi\u0107a, nagla\u0161en nakitom brenda Colleraj. Iako je rije\u010d o kolekciji za prolje\u0107e\/ljeto 2016., prevladavali su zagasiti tonovi sme\u0111e i zelene \u2013 tonovi koji \u0107e se idealno spojiti sa sun\u010danim tenom.<\/p>\n","protected":false},"excerpt":{"rendered":"<p>Savr\u0161en zavr\u0161etak Fashion Weeka Zagreb: 7 revija, 7 razli\u010ditih stilova Sino\u0107 je senzacionalno zavr\u0161io ovosezonski Fashion Week Zagreb powered by Kaufland koji je osim svojom novom lokacijom u Green Gold Centru, odu\u0161evio i novim prolje\u0107e\/ljeto kolekcijama poznatih doma\u0107ih i stranih dizajnera. Iznimno bogat program s \u010dak 7 revija po danu kojeg je priredio Fashion Week [&hellip;]<\/p>\n","protected":false},"author":1,"featured_media":0,"comment_status":"open","ping_status":"open","sticky":false,"template":"","format":"standard","meta":{"footnotes":""},"categories":[6],"tags":[1159,1158,1209,1127,1129,1141,1206,1142,1144,1143],"class_list":["post-21977","post","type-post","status-publish","format-standard","hentry","category-modna_dogadjanja","tag-dizajnerske-haljine","tag-dnevne-haljine","tag-haljine","tag-haljine-za-ljeto","tag-kratke-haljine","tag-majice","tag-moderan-nakit","tag-moderne-majice","tag-modene-tunike","tag-tunike"],"_links":{"self":[{"href":"https:\/\/moda.covermagazin.com\/index.php?rest_route=\/wp\/v2\/posts\/21977","targetHints":{"allow":["GET"]}}],"collection":[{"href":"https:\/\/moda.covermagazin.com\/index.php?rest_route=\/wp\/v2\/posts"}],"about":[{"href":"https:\/\/moda.covermagazin.com\/index.php?rest_route=\/wp\/v2\/types\/post"}],"author":[{"embeddable":true,"href":"https:\/\/moda.covermagazin.com\/index.php?rest_route=\/wp\/v2\/users\/1"}],"replies":[{"embeddable":true,"href":"https:\/\/moda.covermagazin.com\/index.php?rest_route=%2Fwp%2Fv2%2Fcomments&post=21977"}],"version-history":[{"count":2,"href":"https:\/\/moda.covermagazin.com\/index.php?rest_route=\/wp\/v2\/posts\/21977\/revisions"}],"predecessor-version":[{"id":48869,"href":"https:\/\/moda.covermagazin.com\/index.php?rest_route=\/wp\/v2\/posts\/21977\/revisions\/48869"}],"wp:attachment":[{"href":"https:\/\/moda.covermagazin.com\/index.php?rest_route=%2Fwp%2Fv2%2Fmedia&parent=21977"}],"wp:term":[{"taxonomy":"category","embeddable":true,"href":"https:\/\/moda.covermagazin.com\/index.php?rest_route=%2Fwp%2Fv2%2Fcategories&post=21977"},{"taxonomy":"post_tag","embeddable":true,"href":"https:\/\/moda.covermagazin.com\/index.php?rest_route=%2Fwp%2Fv2%2Ftags&post=21977"}],"curies":[{"name":"wp","href":"https:\/\/api.w.org\/{rel}","templated":true}]}}