{"id":21566,"date":"2015-11-10T09:01:00","date_gmt":"2015-11-10T07:01:00","guid":{"rendered":"http:\/\/moda.covermagazin.com\/?p=21566"},"modified":"2024-09-30T18:36:02","modified_gmt":"2024-09-30T16:36:02","slug":"moderne-frizure-za-jesen-zimu-20152016","status":"publish","type":"post","link":"https:\/\/moda.covermagazin.com\/?p=21566","title":{"rendered":"Moderne frizure za jesen &#8211; zimu"},"content":{"rendered":"<h3><a href=\"http:\/\/moda.covermagazin.com\/wp-content\/uploads\/2015\/09\/frizure-f.jpg\"><img loading=\"lazy\" decoding=\"async\" class=\"alignnone size-full wp-image-21567\" src=\"http:\/\/moda.covermagazin.com\/wp-content\/uploads\/2015\/09\/frizure-f.jpg\" alt=\"frizure-f\" width=\"420\" height=\"380\" \/><\/a><\/h3>\n<h3>Moderne frizure za jesen &#8211; zimu<\/h3>\n<p>Nova modna sezona je pred nama, \u0161to donosi priliku za isprobavanje novih kombinacija, ali i novih frizura. Ako jo\u0161 uvijek niste prona\u0161li svoj savr\u0161eni stil ili \u017eelite isprobati ne\u0161to novo i osvje\u017eiti izgled, ispod vam navodimo najnovije trendove frizura za jesen i zimu:<\/p>\n<p><strong>-1-\u00a0 Dugi bob ili lob (long bob)<\/strong><\/p>\n<p>Za razliku od pro\u0161lih sezona gdje su sve zvijezde \u0161i\u0161ale kosu i nosile pomalo dje\u010da\u010dke frizure, ove godine \u010dini se svi ponovno pu\u0161taju kosu. Dugi bob je definitivno frizura sezone.<\/p>\n<p><a href=\"http:\/\/moda.covermagazin.com\/wp-content\/uploads\/2015\/09\/frizure-1-1.jpg\"><img loading=\"lazy\" decoding=\"async\" class=\"alignnone size-full wp-image-21568\" src=\"http:\/\/moda.covermagazin.com\/wp-content\/uploads\/2015\/09\/frizure-1-1.jpg\" alt=\"frizure-1-1\" width=\"400\" height=\"607\" \/><\/a><\/p>\n<p><a href=\"http:\/\/moda.covermagazin.com\/wp-content\/uploads\/2015\/09\/frizure-1-2.jpg\"><img loading=\"lazy\" decoding=\"async\" class=\"alignnone size-full wp-image-21569\" src=\"http:\/\/moda.covermagazin.com\/wp-content\/uploads\/2015\/09\/frizure-1-2.jpg\" alt=\"frizure-1-2\" width=\"400\" height=\"600\" \/><\/a><\/p>\n<p><a href=\"http:\/\/moda.covermagazin.com\/wp-content\/uploads\/2015\/09\/frizure-1-3.jpg\"><img loading=\"lazy\" decoding=\"async\" class=\"alignnone size-full wp-image-21570\" src=\"http:\/\/moda.covermagazin.com\/wp-content\/uploads\/2015\/09\/frizure-1-3.jpg\" alt=\"frizure-1-3\" width=\"400\" height=\"612\" \/><\/a><\/p>\n<p><a href=\"http:\/\/moda.covermagazin.com\/wp-content\/uploads\/2015\/09\/frizure-1-4.jpg\"><img loading=\"lazy\" decoding=\"async\" class=\"alignnone size-full wp-image-21571\" src=\"http:\/\/moda.covermagazin.com\/wp-content\/uploads\/2015\/09\/frizure-1-4.jpg\" alt=\"frizure-1-4\" width=\"400\" height=\"587\" \/><\/a><\/p>\n<p><a href=\"http:\/\/moda.covermagazin.com\/wp-content\/uploads\/2015\/09\/frizure-1-5.jpg\"><img loading=\"lazy\" decoding=\"async\" class=\"alignnone size-full wp-image-21572\" src=\"http:\/\/moda.covermagazin.com\/wp-content\/uploads\/2015\/09\/frizure-1-5.jpg\" alt=\"frizure-1-5\" width=\"400\" height=\"600\" \/><\/a><\/p>\n<p><a href=\"http:\/\/moda.covermagazin.com\/wp-content\/uploads\/2015\/09\/frizure-1-6.jpg\"><img loading=\"lazy\" decoding=\"async\" class=\"alignnone size-full wp-image-21573\" src=\"http:\/\/moda.covermagazin.com\/wp-content\/uploads\/2015\/09\/frizure-1-6.jpg\" alt=\"frizure-1-6\" width=\"400\" height=\"590\" \/><\/a><\/p>\n<p><strong>-2-\u00a0 \u0160i\u0161ke<\/strong><\/p>\n<p>Moderne su guste i du\u017ee \u0161i\u0161ke, koje gotovo idu u o\u010di. Inspiraciju za moderne \u0161i\u0161ke tra\u017eite u frizurama sedamdesetih.<\/p>\n<p><a href=\"http:\/\/moda.covermagazin.com\/wp-content\/uploads\/2015\/09\/frizure-2-1.jpg\"><img loading=\"lazy\" decoding=\"async\" class=\"alignnone size-full wp-image-21574\" src=\"http:\/\/moda.covermagazin.com\/wp-content\/uploads\/2015\/09\/frizure-2-1.jpg\" alt=\"frizure-2-1\" width=\"400\" height=\"551\" \/><\/a><\/p>\n<p><a href=\"http:\/\/moda.covermagazin.com\/wp-content\/uploads\/2015\/09\/frizure-2-2.jpg\"><img loading=\"lazy\" decoding=\"async\" class=\"alignnone size-full wp-image-21575\" src=\"http:\/\/moda.covermagazin.com\/wp-content\/uploads\/2015\/09\/frizure-2-2.jpg\" alt=\"frizure-2-2\" width=\"400\" height=\"601\" \/><\/a><\/p>\n<p><a href=\"http:\/\/moda.covermagazin.com\/wp-content\/uploads\/2015\/09\/frizure-2-3.jpg\"><img loading=\"lazy\" decoding=\"async\" class=\"alignnone size-full wp-image-21576\" src=\"http:\/\/moda.covermagazin.com\/wp-content\/uploads\/2015\/09\/frizure-2-3.jpg\" alt=\"frizure-2-3\" width=\"400\" height=\"520\" \/><\/a><\/p>\n<p><a href=\"http:\/\/moda.covermagazin.com\/wp-content\/uploads\/2015\/09\/frizure-2-4.jpg\"><img loading=\"lazy\" decoding=\"async\" class=\"alignnone size-full wp-image-21577\" src=\"http:\/\/moda.covermagazin.com\/wp-content\/uploads\/2015\/09\/frizure-2-4.jpg\" alt=\"frizure-2-4\" width=\"400\" height=\"533\" \/><\/a><\/p>\n<p><a href=\"http:\/\/moda.covermagazin.com\/wp-content\/uploads\/2015\/09\/frizure-2-5.jpg\"><img loading=\"lazy\" decoding=\"async\" class=\"alignnone size-full wp-image-21578\" src=\"http:\/\/moda.covermagazin.com\/wp-content\/uploads\/2015\/09\/frizure-2-5.jpg\" alt=\"frizure-2-5\" width=\"400\" height=\"533\" \/><\/a><\/p>\n<p><a href=\"http:\/\/moda.covermagazin.com\/wp-content\/uploads\/2015\/09\/frizure-2-6.jpg\"><img loading=\"lazy\" decoding=\"async\" class=\"alignnone size-full wp-image-21579\" src=\"http:\/\/moda.covermagazin.com\/wp-content\/uploads\/2015\/09\/frizure-2-6.jpg\" alt=\"frizure-2-6\" width=\"400\" height=\"475\" \/><\/a><\/p>\n<p><strong>-3- Crvena boja kose \/ bakreni sjaj<\/strong><\/p>\n<p>Bakrena boja s plavim sjajem je najmodernija boja, ali sve nijanse crvene i naran\u010daste su popularne. Mo\u017eete odabrati bakrene tonove, mahagonij, kestenjaste&#8230;<\/p>\n<p><a href=\"http:\/\/moda.covermagazin.com\/wp-content\/uploads\/2015\/09\/frizure-3-1.jpg\"><img loading=\"lazy\" decoding=\"async\" class=\"alignnone size-full wp-image-21580\" src=\"http:\/\/moda.covermagazin.com\/wp-content\/uploads\/2015\/09\/frizure-3-1.jpg\" alt=\"frizure-3-1\" width=\"400\" height=\"492\" \/><\/a><\/p>\n<p><a href=\"http:\/\/moda.covermagazin.com\/wp-content\/uploads\/2015\/09\/frizure-3-2.jpg\"><img loading=\"lazy\" decoding=\"async\" class=\"alignnone size-full wp-image-21581\" src=\"http:\/\/moda.covermagazin.com\/wp-content\/uploads\/2015\/09\/frizure-3-2.jpg\" alt=\"frizure-3-2\" width=\"400\" height=\"567\" \/><\/a><\/p>\n<p><a href=\"http:\/\/moda.covermagazin.com\/wp-content\/uploads\/2015\/09\/frizure-3-3.jpg\"><img loading=\"lazy\" decoding=\"async\" class=\"alignnone size-full wp-image-21582\" src=\"http:\/\/moda.covermagazin.com\/wp-content\/uploads\/2015\/09\/frizure-3-3.jpg\" alt=\"frizure-3-3\" width=\"400\" height=\"646\" \/><\/a><\/p>\n<p><a href=\"http:\/\/moda.covermagazin.com\/wp-content\/uploads\/2015\/09\/frizure-3-4.jpg\"><img loading=\"lazy\" decoding=\"async\" class=\"alignnone size-full wp-image-21583\" src=\"http:\/\/moda.covermagazin.com\/wp-content\/uploads\/2015\/09\/frizure-3-4.jpg\" alt=\"frizure-3-4\" width=\"400\" height=\"557\" \/><\/a><\/p>\n<p><a href=\"http:\/\/moda.covermagazin.com\/wp-content\/uploads\/2015\/09\/frizure-3-5.jpg\"><img loading=\"lazy\" decoding=\"async\" class=\"alignnone size-full wp-image-21584\" src=\"http:\/\/moda.covermagazin.com\/wp-content\/uploads\/2015\/09\/frizure-3-5.jpg\" alt=\"frizure-3-5\" width=\"400\" height=\"572\" \/><\/a><\/p>\n<p><a href=\"http:\/\/moda.covermagazin.com\/wp-content\/uploads\/2015\/09\/frizure-3-6.jpg\"><img loading=\"lazy\" decoding=\"async\" class=\"alignnone size-full wp-image-21585\" src=\"http:\/\/moda.covermagazin.com\/wp-content\/uploads\/2015\/09\/frizure-3-6.jpg\" alt=\"frizure-3-6\" width=\"400\" height=\"601\" \/><\/a><\/p>\n<p><strong>-4- Ombre<\/strong><\/p>\n<p>Ombre je moderan ve\u0107 nekoliko godina, ali ove sezone naglasak je na prirodnosti. Najmodernija boja je ona koja izgleda kao da su vrhovi prirodno posvijetlili na suncu. Moderan ombre sasvim je prirodan, gotovo neprimjetan, ali kosi daje svje\u017e i luksuzan izgled.<\/p>\n<p><a href=\"http:\/\/moda.covermagazin.com\/wp-content\/uploads\/2015\/09\/frizure-4-1.jpg\"><img loading=\"lazy\" decoding=\"async\" class=\"alignnone size-full wp-image-21586\" src=\"http:\/\/moda.covermagazin.com\/wp-content\/uploads\/2015\/09\/frizure-4-1.jpg\" alt=\"frizure-4-1\" width=\"400\" height=\"540\" \/><\/a><\/p>\n<p><a href=\"http:\/\/moda.covermagazin.com\/wp-content\/uploads\/2015\/09\/frizure-4-2.jpg\"><img loading=\"lazy\" decoding=\"async\" class=\"alignnone size-full wp-image-21587\" src=\"http:\/\/moda.covermagazin.com\/wp-content\/uploads\/2015\/09\/frizure-4-2.jpg\" alt=\"frizure-4-2\" width=\"400\" height=\"625\" \/><\/a><\/p>\n<p><a href=\"http:\/\/moda.covermagazin.com\/wp-content\/uploads\/2015\/09\/frizure-4-3.jpg\"><img loading=\"lazy\" decoding=\"async\" class=\"alignnone size-full wp-image-21588\" src=\"http:\/\/moda.covermagazin.com\/wp-content\/uploads\/2015\/09\/frizure-4-3.jpg\" alt=\"frizure-4-3\" width=\"400\" height=\"534\" \/><\/a><\/p>\n<p><a href=\"http:\/\/moda.covermagazin.com\/wp-content\/uploads\/2015\/09\/frizure-4-4.jpg\"><img loading=\"lazy\" decoding=\"async\" class=\"alignnone size-full wp-image-21589\" src=\"http:\/\/moda.covermagazin.com\/wp-content\/uploads\/2015\/09\/frizure-4-4.jpg\" alt=\"frizure-4-4\" width=\"400\" height=\"476\" \/><\/a><\/p>\n<p><a href=\"http:\/\/moda.covermagazin.com\/wp-content\/uploads\/2015\/09\/frizure-4-5.jpg\"><img loading=\"lazy\" decoding=\"async\" class=\"alignnone size-full wp-image-21590\" src=\"http:\/\/moda.covermagazin.com\/wp-content\/uploads\/2015\/09\/frizure-4-5.jpg\" alt=\"frizure-4-5\" width=\"400\" height=\"600\" \/><\/a><\/p>\n<p><a href=\"http:\/\/moda.covermagazin.com\/wp-content\/uploads\/2015\/09\/frizure-4-6.jpg\"><img loading=\"lazy\" decoding=\"async\" class=\"alignnone size-full wp-image-21591\" src=\"http:\/\/moda.covermagazin.com\/wp-content\/uploads\/2015\/09\/frizure-4-6.jpg\" alt=\"frizure-4-6\" width=\"400\" height=\"600\" \/><\/a><\/p>\n<p><strong>-5-\u00a0 Niski rep<\/strong><\/p>\n<p>Iz sezone u sezonu na modnim pistama se izmjenjuju niski i visoki rep, a na ulicama vi\u0111amo i jedno i drugo. Ove sezone trend je niski rep, ali to ne zna\u010di da ne mo\u017eete vezati kosu u polurep ili visoki rep.<\/p>\n<p><a href=\"http:\/\/moda.covermagazin.com\/wp-content\/uploads\/2015\/09\/frizure-5-1.jpg\"><img loading=\"lazy\" decoding=\"async\" class=\"alignnone size-full wp-image-21592\" src=\"http:\/\/moda.covermagazin.com\/wp-content\/uploads\/2015\/09\/frizure-5-1.jpg\" alt=\"frizure-5-1\" width=\"400\" height=\"764\" \/><\/a><\/p>\n<p><a href=\"http:\/\/moda.covermagazin.com\/wp-content\/uploads\/2015\/09\/frizure-5-2.jpg\"><img loading=\"lazy\" decoding=\"async\" class=\"alignnone size-full wp-image-21593\" src=\"http:\/\/moda.covermagazin.com\/wp-content\/uploads\/2015\/09\/frizure-5-2.jpg\" alt=\"frizure-5-2\" width=\"400\" height=\"491\" \/><\/a><\/p>\n<p><a href=\"http:\/\/moda.covermagazin.com\/wp-content\/uploads\/2015\/09\/frizure-5-3.jpg\"><img loading=\"lazy\" decoding=\"async\" class=\"alignnone size-full wp-image-21594\" src=\"http:\/\/moda.covermagazin.com\/wp-content\/uploads\/2015\/09\/frizure-5-3.jpg\" alt=\"frizure-5-3\" width=\"400\" height=\"640\" \/><\/a><\/p>\n<p><a href=\"http:\/\/moda.covermagazin.com\/wp-content\/uploads\/2015\/09\/frizure-5-4.jpg\"><img loading=\"lazy\" decoding=\"async\" class=\"alignnone size-full wp-image-21595\" src=\"http:\/\/moda.covermagazin.com\/wp-content\/uploads\/2015\/09\/frizure-5-4.jpg\" alt=\"frizure-5-4\" width=\"400\" height=\"600\" \/><\/a><\/p>\n<p><a href=\"http:\/\/moda.covermagazin.com\/wp-content\/uploads\/2015\/09\/frizure-5-5.jpg\"><img loading=\"lazy\" decoding=\"async\" class=\"alignnone size-full wp-image-21596\" src=\"http:\/\/moda.covermagazin.com\/wp-content\/uploads\/2015\/09\/frizure-5-5.jpg\" alt=\"frizure-5-5\" width=\"400\" height=\"527\" \/><\/a><\/p>\n<p><a href=\"http:\/\/moda.covermagazin.com\/wp-content\/uploads\/2015\/09\/frizure-5-6.jpg\"><img loading=\"lazy\" decoding=\"async\" class=\"alignnone size-full wp-image-21597\" src=\"http:\/\/moda.covermagazin.com\/wp-content\/uploads\/2015\/09\/frizure-5-6.jpg\" alt=\"frizure-5-6\" width=\"400\" height=\"573\" \/><\/a><\/p>\n<p><strong>-6- Niske pun\u0111e<\/strong><\/p>\n<p>Jednako kao s repom doga\u0111a se i s pun\u0111ama. Ove sezone stilisti su mahom predstavljali niske pun\u0111e, ali nemojte se iznenaditi ako na poznatim osobama budete vi\u0111ali i one visoke. Jer kod pun\u0111e i repa, manje se radi o trendovima, a vi\u0161e i tome koliko vam \u0161to pristaje.<\/p>\n<p><a href=\"http:\/\/moda.covermagazin.com\/wp-content\/uploads\/2015\/09\/frizure-6-1.jpg\"><img loading=\"lazy\" decoding=\"async\" class=\"alignnone size-full wp-image-21598\" src=\"http:\/\/moda.covermagazin.com\/wp-content\/uploads\/2015\/09\/frizure-6-1.jpg\" alt=\"frizure-6-1\" width=\"400\" height=\"490\" \/><\/a><\/p>\n<p><a href=\"http:\/\/moda.covermagazin.com\/wp-content\/uploads\/2015\/09\/frizure-6-2.jpg\"><img loading=\"lazy\" decoding=\"async\" class=\"alignnone size-full wp-image-21599\" src=\"http:\/\/moda.covermagazin.com\/wp-content\/uploads\/2015\/09\/frizure-6-2.jpg\" alt=\"frizure-6-2\" width=\"420\" height=\"380\" \/><\/a><\/p>\n<p><a href=\"http:\/\/moda.covermagazin.com\/wp-content\/uploads\/2015\/09\/frizure-6-3.jpg\"><img loading=\"lazy\" decoding=\"async\" class=\"alignnone size-full wp-image-21600\" src=\"http:\/\/moda.covermagazin.com\/wp-content\/uploads\/2015\/09\/frizure-6-3.jpg\" alt=\"frizure-6-3\" width=\"400\" height=\"600\" \/><\/a><\/p>\n<p><a href=\"http:\/\/moda.covermagazin.com\/wp-content\/uploads\/2015\/09\/frizure-6-4.jpg\"><img loading=\"lazy\" decoding=\"async\" class=\"alignnone size-full wp-image-21601\" src=\"http:\/\/moda.covermagazin.com\/wp-content\/uploads\/2015\/09\/frizure-6-4.jpg\" alt=\"frizure-6-4\" width=\"400\" height=\"600\" \/><\/a><\/p>\n<p><a href=\"http:\/\/moda.covermagazin.com\/wp-content\/uploads\/2015\/09\/frizure-6-5.jpg\"><img loading=\"lazy\" decoding=\"async\" class=\"alignnone size-full wp-image-21602\" src=\"http:\/\/moda.covermagazin.com\/wp-content\/uploads\/2015\/09\/frizure-6-5.jpg\" alt=\"frizure-6-5\" width=\"400\" height=\"533\" \/><\/a><\/p>\n<p><a href=\"http:\/\/moda.covermagazin.com\/wp-content\/uploads\/2015\/09\/frizure-6-6.jpg\"><img loading=\"lazy\" decoding=\"async\" class=\"alignnone size-full wp-image-21603\" src=\"http:\/\/moda.covermagazin.com\/wp-content\/uploads\/2015\/09\/frizure-6-6.jpg\" alt=\"frizure-6-6\" width=\"400\" height=\"450\" \/><\/a><\/p>\n<p><strong>-7- Razbaru\u0161ena kosa<\/strong><\/p>\n<p>Razbaru\u0161ena kosa u svom pravom izdanju bila je moderna devedesetih. Sada se ponovno vra\u0107a u modu, ali na suptilniji na\u010din, kao razbaru\u0161eni valovi.<\/p>\n<p><a href=\"http:\/\/moda.covermagazin.com\/wp-content\/uploads\/2015\/09\/frizure-7-1.jpg\"><img loading=\"lazy\" decoding=\"async\" class=\"alignnone size-full wp-image-21604\" src=\"http:\/\/moda.covermagazin.com\/wp-content\/uploads\/2015\/09\/frizure-7-1.jpg\" alt=\"frizure-7-1\" width=\"400\" height=\"598\" \/><\/a><\/p>\n<p><a href=\"http:\/\/moda.covermagazin.com\/wp-content\/uploads\/2015\/09\/frizure-7-2.jpg\"><img loading=\"lazy\" decoding=\"async\" class=\"alignnone size-full wp-image-21605\" src=\"http:\/\/moda.covermagazin.com\/wp-content\/uploads\/2015\/09\/frizure-7-2.jpg\" alt=\"frizure-7-2\" width=\"400\" height=\"600\" \/><\/a><\/p>\n<p><a href=\"http:\/\/moda.covermagazin.com\/wp-content\/uploads\/2015\/09\/frizure-7-3.jpg\"><img loading=\"lazy\" decoding=\"async\" class=\"alignnone size-full wp-image-21606\" src=\"http:\/\/moda.covermagazin.com\/wp-content\/uploads\/2015\/09\/frizure-7-3.jpg\" alt=\"frizure-7-3\" width=\"400\" height=\"602\" \/><\/a><\/p>\n<p><a href=\"http:\/\/moda.covermagazin.com\/wp-content\/uploads\/2015\/09\/frizure-7-4.jpg\"><img loading=\"lazy\" decoding=\"async\" class=\"alignnone size-full wp-image-21607\" src=\"http:\/\/moda.covermagazin.com\/wp-content\/uploads\/2015\/09\/frizure-7-4.jpg\" alt=\"frizure-7-4\" width=\"400\" height=\"601\" \/><\/a><\/p>\n<p><a href=\"http:\/\/moda.covermagazin.com\/wp-content\/uploads\/2015\/09\/frizure-7-5.jpg\"><img loading=\"lazy\" decoding=\"async\" class=\"alignnone size-full wp-image-21608\" src=\"http:\/\/moda.covermagazin.com\/wp-content\/uploads\/2015\/09\/frizure-7-5.jpg\" alt=\"frizure-7-5\" width=\"400\" height=\"583\" \/><\/a><\/p>\n<p><a href=\"http:\/\/moda.covermagazin.com\/wp-content\/uploads\/2015\/09\/frizure-7-6.jpg\"><img loading=\"lazy\" decoding=\"async\" class=\"alignnone size-full wp-image-21609\" src=\"http:\/\/moda.covermagazin.com\/wp-content\/uploads\/2015\/09\/frizure-7-6.jpg\" alt=\"frizure-7-6\" width=\"400\" height=\"612\" \/><\/a><\/p>\n<p><strong>-8- Klasi\u010dna poluduga kosa<\/strong><\/p>\n<p>Klasi\u010dna poluduga kosa nije ni preduga, ni previ\u0161e kratka. Nije ni potpuno postupno \u0161i\u0161ana, ali nije ni ravna. \u0160i\u0161ke nisu nagla\u0161ene, ali su razli\u010dite du\u017eine od ostatka kose. Ovakva frizura pravi se \u010detkom tako da se cijela ravna osim vrhova.<\/p>\n<p><a href=\"http:\/\/moda.covermagazin.com\/wp-content\/uploads\/2015\/09\/frizure-8-1.jpg\"><img loading=\"lazy\" decoding=\"async\" class=\"alignnone size-full wp-image-21610\" src=\"http:\/\/moda.covermagazin.com\/wp-content\/uploads\/2015\/09\/frizure-8-1.jpg\" alt=\"frizure-8-1\" width=\"400\" height=\"493\" \/><\/a><\/p>\n<p><a href=\"http:\/\/moda.covermagazin.com\/wp-content\/uploads\/2015\/09\/frizure-8-2.jpg\"><img loading=\"lazy\" decoding=\"async\" class=\"alignnone size-full wp-image-21611\" src=\"http:\/\/moda.covermagazin.com\/wp-content\/uploads\/2015\/09\/frizure-8-2.jpg\" alt=\"frizure-8-2\" width=\"400\" height=\"601\" \/><\/a><\/p>\n<p><a href=\"http:\/\/moda.covermagazin.com\/wp-content\/uploads\/2015\/09\/frizure-8-3.jpg\"><img loading=\"lazy\" decoding=\"async\" class=\"alignnone size-full wp-image-21612\" src=\"http:\/\/moda.covermagazin.com\/wp-content\/uploads\/2015\/09\/frizure-8-3.jpg\" alt=\"frizure-8-3\" width=\"400\" height=\"600\" \/><\/a><\/p>\n<p><a href=\"http:\/\/moda.covermagazin.com\/wp-content\/uploads\/2015\/09\/frizure-8-4.jpg\"><img loading=\"lazy\" decoding=\"async\" class=\"alignnone size-full wp-image-21613\" src=\"http:\/\/moda.covermagazin.com\/wp-content\/uploads\/2015\/09\/frizure-8-4.jpg\" alt=\"frizure-8-4\" width=\"400\" height=\"600\" \/><\/a><\/p>\n<p><a href=\"http:\/\/moda.covermagazin.com\/wp-content\/uploads\/2015\/09\/frizure-8-5.jpg\"><img loading=\"lazy\" decoding=\"async\" class=\"alignnone size-full wp-image-21614\" src=\"http:\/\/moda.covermagazin.com\/wp-content\/uploads\/2015\/09\/frizure-8-5.jpg\" alt=\"frizure-8-5\" width=\"400\" height=\"531\" \/><\/a><\/p>\n<p><a href=\"http:\/\/moda.covermagazin.com\/wp-content\/uploads\/2015\/09\/frizure-8-6.jpg\"><img loading=\"lazy\" decoding=\"async\" class=\"alignnone size-full wp-image-21615\" src=\"http:\/\/moda.covermagazin.com\/wp-content\/uploads\/2015\/09\/frizure-8-6.jpg\" alt=\"frizure-8-6\" width=\"400\" height=\"585\" \/><\/a><\/p>\n<p><strong>-9- Cvijet u kosi<\/strong><\/p>\n<p>Uz pomo\u0107 kop\u010de za kosu u obliku cvijeta koja \u0107e dr\u017eati kovr\u010davu kosu na jednoj strani dobit \u0107ete ekstra modernu frizuru.<\/p>\n<p><a href=\"http:\/\/moda.covermagazin.com\/wp-content\/uploads\/2015\/09\/frizure-9-1.jpg\"><img loading=\"lazy\" decoding=\"async\" class=\"alignnone size-full wp-image-21616\" src=\"http:\/\/moda.covermagazin.com\/wp-content\/uploads\/2015\/09\/frizure-9-1.jpg\" alt=\"frizure-9-1\" width=\"400\" height=\"592\" \/><\/a><\/p>\n<p><a href=\"http:\/\/moda.covermagazin.com\/wp-content\/uploads\/2015\/09\/frizure-9-2.jpg\"><img loading=\"lazy\" decoding=\"async\" class=\"alignnone size-full wp-image-21617\" src=\"http:\/\/moda.covermagazin.com\/wp-content\/uploads\/2015\/09\/frizure-9-2.jpg\" alt=\"frizure-9-2\" width=\"400\" height=\"501\" \/><\/a><\/p>\n<p><a href=\"http:\/\/moda.covermagazin.com\/wp-content\/uploads\/2015\/09\/frizure-9-3.jpg\"><img loading=\"lazy\" decoding=\"async\" class=\"alignnone size-full wp-image-21618\" src=\"http:\/\/moda.covermagazin.com\/wp-content\/uploads\/2015\/09\/frizure-9-3.jpg\" alt=\"frizure-9-3\" width=\"400\" height=\"600\" \/><\/a><\/p>\n","protected":false},"excerpt":{"rendered":"<p>Moderne frizure za jesen &#8211; zimu Nova modna sezona je pred nama, \u0161to donosi priliku za isprobavanje novih kombinacija, ali i novih frizura. Ako jo\u0161 uvijek niste prona\u0161li svoj savr\u0161eni stil ili \u017eelite isprobati ne\u0161to novo i osvje\u017eiti izgled, ispod vam navodimo najnovije trendove frizura za jesen i zimu: -1-\u00a0 Dugi bob ili lob (long [&hellip;]<\/p>\n","protected":false},"author":1,"featured_media":0,"comment_status":"open","ping_status":"open","sticky":false,"template":"","format":"standard","meta":{"footnotes":""},"categories":[3],"tags":[1319,1081],"class_list":["post-21566","post","type-post","status-publish","format-standard","hentry","category-modni_trendovi","tag-bob-frizure","tag-moderne-frizure"],"_links":{"self":[{"href":"https:\/\/moda.covermagazin.com\/index.php?rest_route=\/wp\/v2\/posts\/21566","targetHints":{"allow":["GET"]}}],"collection":[{"href":"https:\/\/moda.covermagazin.com\/index.php?rest_route=\/wp\/v2\/posts"}],"about":[{"href":"https:\/\/moda.covermagazin.com\/index.php?rest_route=\/wp\/v2\/types\/post"}],"author":[{"embeddable":true,"href":"https:\/\/moda.covermagazin.com\/index.php?rest_route=\/wp\/v2\/users\/1"}],"replies":[{"embeddable":true,"href":"https:\/\/moda.covermagazin.com\/index.php?rest_route=%2Fwp%2Fv2%2Fcomments&post=21566"}],"version-history":[{"count":5,"href":"https:\/\/moda.covermagazin.com\/index.php?rest_route=\/wp\/v2\/posts\/21566\/revisions"}],"predecessor-version":[{"id":48361,"href":"https:\/\/moda.covermagazin.com\/index.php?rest_route=\/wp\/v2\/posts\/21566\/revisions\/48361"}],"wp:attachment":[{"href":"https:\/\/moda.covermagazin.com\/index.php?rest_route=%2Fwp%2Fv2%2Fmedia&parent=21566"}],"wp:term":[{"taxonomy":"category","embeddable":true,"href":"https:\/\/moda.covermagazin.com\/index.php?rest_route=%2Fwp%2Fv2%2Fcategories&post=21566"},{"taxonomy":"post_tag","embeddable":true,"href":"https:\/\/moda.covermagazin.com\/index.php?rest_route=%2Fwp%2Fv2%2Ftags&post=21566"}],"curies":[{"name":"wp","href":"https:\/\/api.w.org\/{rel}","templated":true}]}}