{"id":2008,"date":"2020-09-05T08:34:22","date_gmt":"2020-09-05T06:34:22","guid":{"rendered":"http:\/\/moda.covermagazin.com\/?p=2008"},"modified":"2024-09-30T18:36:28","modified_gmt":"2024-09-30T16:36:28","slug":"frizure-za-kvadratnog-i-dijamantnog-oblika","status":"publish","type":"post","link":"https:\/\/moda.covermagazin.com\/?p=2008","title":{"rendered":"Frizure za lice kvadratnog i dijamantnog oblika"},"content":{"rendered":"<h3><a href=\"http:\/\/moda.covermagazin.com\/wp-content\/uploads\/2010\/01\/frizure_prema_obliku_lica_f.jpg\"><img loading=\"lazy\" decoding=\"async\" class=\"alignnone size-full wp-image-24668\" src=\"http:\/\/moda.covermagazin.com\/wp-content\/uploads\/2010\/01\/frizure_prema_obliku_lica_f.jpg\" alt=\"\" width=\"600\" height=\"400\" \/><\/a><\/h3>\n<h3>Frizure za lice kvadratnog i dijamantnog oblika<\/h3>\n<p>Kada tra\u017eite frizuru prema obliku svoga lica, najlak\u0161e \u0107ete je odr\u017eavati modernom ako prona\u0111ete poznatu osobu \u010diji stil vam se svi\u0111a, a koja ima oblik lica sli\u010dan va\u0161em. Na taj na\u010din mo\u017eete i vi postupno\u00a0mijenjati i prilago\u0111avati frizuru.<\/p>\n<h3>-1- Frizure za lice kvadratnog oblika<\/h3>\n<p><a href=\"http:\/\/moda.covermagazin.com\/wp-content\/uploads\/2010\/01\/frizure_prema_obliku_lica.jpg\"><img loading=\"lazy\" decoding=\"async\" class=\"alignnone size-full wp-image-24666\" src=\"http:\/\/moda.covermagazin.com\/wp-content\/uploads\/2010\/01\/frizure_prema_obliku_lica.jpg\" alt=\"\" width=\"600\" height=\"400\" \/><\/a><\/p>\n<p>&nbsp;<\/p>\n<p><strong>Odgovaraju\u0107e frizure: <\/strong>Razbaru\u0161ena kosa du\u017eine do ramena ili malo ispod. \u0160i\u0161ke u stranu.<\/p>\n<p><strong>\u0160to izbjegavati:<\/strong> Sve \u0161to je super kratko.<\/p>\n<p><strong>Zvijezde s ovakvim oblikom lica: <\/strong>Demi Moore, Jessica Simpson<\/p>\n<h3>-2- Frizure za lice dijamantnog oblika<\/h3>\n<p><a href=\"http:\/\/moda.covermagazin.com\/wp-content\/uploads\/2010\/01\/frizure_prema_obliku_lica_2.jpg\"><img loading=\"lazy\" decoding=\"async\" class=\"alignnone size-full wp-image-24667\" src=\"http:\/\/moda.covermagazin.com\/wp-content\/uploads\/2010\/01\/frizure_prema_obliku_lica_2.jpg\" alt=\"\" width=\"600\" height=\"400\" \/><\/a><\/p>\n<p><strong>Odgovaraju\u0107e frizure:<\/strong> Razbaru\u0161ena kosa, kovr\u010de u dugoj kosi, valoviti bob.<\/p>\n<p><strong>\u0160to izbjegavati:<\/strong> Sve \u0161to je kra\u0107e od du\u017eine brade, te sve s previ\u0161e volumena.<br \/>\n<strong><br \/>\nZvijezde s ovakvim oblikom lica: <\/strong>Kate Moss, Sophia Loren<\/p>\n","protected":false},"excerpt":{"rendered":"<p>Frizure za lice kvadratnog i dijamantnog oblika Kada tra\u017eite frizuru prema obliku svoga lica, najlak\u0161e \u0107ete je odr\u017eavati modernom ako prona\u0111ete poznatu osobu \u010diji stil vam se svi\u0111a, a koja ima oblik lica sli\u010dan va\u0161em. Na taj na\u010din mo\u017eete i vi postupno\u00a0mijenjati i prilago\u0111avati frizuru. -1- Frizure za lice kvadratnog oblika &nbsp; Odgovaraju\u0107e frizure: Razbaru\u0161ena [&hellip;]<\/p>\n","protected":false},"author":1,"featured_media":0,"comment_status":"open","ping_status":"open","sticky":false,"template":"","format":"standard","meta":{"footnotes":""},"categories":[4,1043],"tags":[1085,1191,1319],"class_list":["post-2008","post","type-post","status-publish","format-standard","hentry","category-frizure_poznatih","category-moda-2018","tag-frizure","tag-frizure-slike","tag-bob-frizure"],"_links":{"self":[{"href":"https:\/\/moda.covermagazin.com\/index.php?rest_route=\/wp\/v2\/posts\/2008","targetHints":{"allow":["GET"]}}],"collection":[{"href":"https:\/\/moda.covermagazin.com\/index.php?rest_route=\/wp\/v2\/posts"}],"about":[{"href":"https:\/\/moda.covermagazin.com\/index.php?rest_route=\/wp\/v2\/types\/post"}],"author":[{"embeddable":true,"href":"https:\/\/moda.covermagazin.com\/index.php?rest_route=\/wp\/v2\/users\/1"}],"replies":[{"embeddable":true,"href":"https:\/\/moda.covermagazin.com\/index.php?rest_route=%2Fwp%2Fv2%2Fcomments&post=2008"}],"version-history":[{"count":9,"href":"https:\/\/moda.covermagazin.com\/index.php?rest_route=\/wp\/v2\/posts\/2008\/revisions"}],"predecessor-version":[{"id":48364,"href":"https:\/\/moda.covermagazin.com\/index.php?rest_route=\/wp\/v2\/posts\/2008\/revisions\/48364"}],"wp:attachment":[{"href":"https:\/\/moda.covermagazin.com\/index.php?rest_route=%2Fwp%2Fv2%2Fmedia&parent=2008"}],"wp:term":[{"taxonomy":"category","embeddable":true,"href":"https:\/\/moda.covermagazin.com\/index.php?rest_route=%2Fwp%2Fv2%2Fcategories&post=2008"},{"taxonomy":"post_tag","embeddable":true,"href":"https:\/\/moda.covermagazin.com\/index.php?rest_route=%2Fwp%2Fv2%2Ftags&post=2008"}],"curies":[{"name":"wp","href":"https:\/\/api.w.org\/{rel}","templated":true}]}}