{"id":20001,"date":"2014-06-06T12:54:30","date_gmt":"2014-06-06T10:54:30","guid":{"rendered":"http:\/\/moda.covermagazin.com\/?p=20001"},"modified":"2024-09-30T22:45:37","modified_gmt":"2024-09-30T20:45:37","slug":"hrvatski-modni-brend-adrian","status":"publish","type":"post","link":"https:\/\/moda.covermagazin.com\/?p=20001","title":{"rendered":"Hrvatski modni brend Adrian"},"content":{"rendered":"<h3><a href=\"http:\/\/moda.covermagazin.com\/wp-content\/uploads\/2014\/06\/Hrvatski-modni-brend-Adrian-4.jpg\"><img loading=\"lazy\" decoding=\"async\" class=\"alignnone size-full wp-image-20004\" src=\"http:\/\/moda.covermagazin.com\/wp-content\/uploads\/2014\/06\/Hrvatski-modni-brend-Adrian-4.jpg\" alt=\"Od lipnja se u biranim prodavaonicama u Hrvatskoj mo\u017ee prona\u0107i Adrian, hrvatski modni autorski brend proizveden lokalno.\" width=\"600\" height=\"386\" \/><\/a><\/h3>\n<h3>Hrvatski modni brend Adrian<\/h3>\n<p>Od lipnja se u biranim prodavaonicama u Hrvatskoj mo\u017ee prona\u0107i Adrian, hrvatski modni autorski brend proizveden lokalno. Kolekciju \u017eenske svevremenske nosive odje\u0107e suvremenog dizajna s originalnom povijesnom vrijedno\u0161\u0107u s entuzijazmom je stvarao dizajnerski tim na \u010delu s Ivanom Omazi\u0107. Adrian je nadahnut hrvatskom etnografskom ba\u0161tinom i proizveden u Hrvatskoj, u suradnji s hrvatskim proizvo\u0111a\u010dima DTR-om i Galebom.<\/p>\n<p><a href=\"http:\/\/moda.covermagazin.com\/wp-content\/uploads\/2014\/06\/Hrvatski-modni-brend-Adrian-2.jpg\"><img loading=\"lazy\" decoding=\"async\" class=\"alignnone size-full wp-image-20003\" src=\"http:\/\/moda.covermagazin.com\/wp-content\/uploads\/2014\/06\/Hrvatski-modni-brend-Adrian-2.jpg\" alt=\"Od lipnja se u biranim prodavaonicama u Hrvatskoj mo\u017ee prona\u0107i Adrian, hrvatski modni autorski brend proizveden lokalno.\" width=\"600\" height=\"400\" \/><\/a><\/p>\n<p>Svaki komad iz kolekcije Adrian jedinstven je i autenti\u010dan jer objedinjuje tradiciju i dizajn te tako \u010duva memoriju hrvatske narodne no\u0161nje &#8211; u krojevima, dezenima i originalnim ilustracijama naivnog crte\u017ea. Dizajnom pro\u0161i\u0161\u0107eni komadi prilago\u0111eni su dana\u0161njem na\u010dinu \u017eivota, bez obzira na sezonu, multifunkcionalni u namjeni od ureda, ve\u010dernjeg izlaska do pla\u017ee. Vi\u0161e odjevnih predmeta iz kolekcije mo\u017ee se nositi na nekoliko na\u010dina. Haljine i tunike mogu\u0107e je razli\u010dito vezati, \u010dime im se mijenja izgled i silueta, a mnogi su proizvodi nosivi i kao haljine i kao suknje.<\/p>\n<p><a href=\"http:\/\/moda.covermagazin.com\/wp-content\/uploads\/2014\/06\/Hrvatski-modni-brend-Adrian-1.jpg\"><img loading=\"lazy\" decoding=\"async\" class=\"alignnone size-full wp-image-20005\" src=\"http:\/\/moda.covermagazin.com\/wp-content\/uploads\/2014\/06\/Hrvatski-modni-brend-Adrian-1.jpg\" alt=\"Hrvatski modni brend Adrian-1\" width=\"600\" height=\"400\" \/><\/a><\/p>\n<p>U skladu sa svjetskim trendom lokalizacije, Adrian laka konfekcija izra\u0111ena je i sa\u0161ivena u doma\u0107oj 100 godina staroj tvornici DTR, dok su Adrian majice proizvedene u doma\u0107oj tvornici Galeb.<br \/>\n<img loading=\"lazy\" decoding=\"async\" class=\"alignnone size-full wp-image-20002\" src=\"http:\/\/moda.covermagazin.com\/wp-content\/uploads\/2014\/06\/Hrvatski-modni-brend-Adrian-3.jpg\" alt=\"Od lipnja se u biranim prodavaonicama u Hrvatskoj mo\u017ee prona\u0107i Adrian, hrvatski modni autorski brend proizveden lokalno.\" width=\"600\" height=\"400\" \/><\/p>\n","protected":false},"excerpt":{"rendered":"<p>Hrvatski modni brend Adrian Od lipnja se u biranim prodavaonicama u Hrvatskoj mo\u017ee prona\u0107i Adrian, hrvatski modni autorski brend proizveden lokalno. Kolekciju \u017eenske svevremenske nosive odje\u0107e suvremenog dizajna s originalnom povijesnom vrijedno\u0161\u0107u s entuzijazmom je stvarao dizajnerski tim na \u010delu s Ivanom Omazi\u0107. Adrian je nadahnut hrvatskom etnografskom ba\u0161tinom i proizveden u Hrvatskoj, u suradnji [&hellip;]<\/p>\n","protected":false},"author":1,"featured_media":0,"comment_status":"open","ping_status":"open","sticky":false,"template":"","format":"standard","meta":{"footnotes":""},"categories":[114],"tags":[1209,1141,1142,1145,1144,1101,1143,1128],"class_list":["post-20001","post","type-post","status-publish","format-standard","hentry","category-dizajneri_modne_galerije","tag-haljine","tag-majice","tag-moderne-majice","tag-moderne-suknje","tag-modene-tunike","tag-suknje","tag-tunike","tag-vecernje-haljine"],"_links":{"self":[{"href":"https:\/\/moda.covermagazin.com\/index.php?rest_route=\/wp\/v2\/posts\/20001","targetHints":{"allow":["GET"]}}],"collection":[{"href":"https:\/\/moda.covermagazin.com\/index.php?rest_route=\/wp\/v2\/posts"}],"about":[{"href":"https:\/\/moda.covermagazin.com\/index.php?rest_route=\/wp\/v2\/types\/post"}],"author":[{"embeddable":true,"href":"https:\/\/moda.covermagazin.com\/index.php?rest_route=\/wp\/v2\/users\/1"}],"replies":[{"embeddable":true,"href":"https:\/\/moda.covermagazin.com\/index.php?rest_route=%2Fwp%2Fv2%2Fcomments&post=20001"}],"version-history":[{"count":2,"href":"https:\/\/moda.covermagazin.com\/index.php?rest_route=\/wp\/v2\/posts\/20001\/revisions"}],"predecessor-version":[{"id":48995,"href":"https:\/\/moda.covermagazin.com\/index.php?rest_route=\/wp\/v2\/posts\/20001\/revisions\/48995"}],"wp:attachment":[{"href":"https:\/\/moda.covermagazin.com\/index.php?rest_route=%2Fwp%2Fv2%2Fmedia&parent=20001"}],"wp:term":[{"taxonomy":"category","embeddable":true,"href":"https:\/\/moda.covermagazin.com\/index.php?rest_route=%2Fwp%2Fv2%2Fcategories&post=20001"},{"taxonomy":"post_tag","embeddable":true,"href":"https:\/\/moda.covermagazin.com\/index.php?rest_route=%2Fwp%2Fv2%2Ftags&post=20001"}],"curies":[{"name":"wp","href":"https:\/\/api.w.org\/{rel}","templated":true}]}}