{"id":19922,"date":"2020-05-21T08:34:36","date_gmt":"2020-05-21T06:34:36","guid":{"rendered":"http:\/\/moda.covermagazin.com\/?p=19922"},"modified":"2024-09-30T20:32:00","modified_gmt":"2024-09-30T18:32:00","slug":"moderne-ekskluzivne-duge-haljine","status":"publish","type":"post","link":"https:\/\/moda.covermagazin.com\/?p=19922","title":{"rendered":"Moderne ekskluzivne duge haljine"},"content":{"rendered":"<h3><a href=\"https:\/\/moda.covermagazin.com\/wp-content\/uploads\/2018\/07\/ekskluzivne-duge_haljine_f.jpg\"><img loading=\"lazy\" decoding=\"async\" class=\"alignnone size-full wp-image-28984\" src=\"https:\/\/moda.covermagazin.com\/wp-content\/uploads\/2018\/07\/ekskluzivne-duge_haljine_f.jpg\" alt=\"\" width=\"600\" height=\"401\" \/><\/a><\/h3>\n<h3>Moderne ekskluzivne duge haljine<\/h3>\n<p>Po\u010detak ljeta je razdoblje u kojem se jako \u010desto nose duge sve\u010dane haljine. Od vjen\u010danja, preko maturalnih zabava i drugih sve\u010danih doga\u0111aja, ljeto je pravo vrijeme da zablistate. Ispod su haljine iz kolekcije za ljeto 2020. poznatog svjetskog branda Alyce.<\/p>\n<p><a href=\"https:\/\/moda.covermagazin.com\/wp-content\/uploads\/2018\/07\/ekskluzivne-duge_haljine_15.jpg\"><img loading=\"lazy\" decoding=\"async\" class=\"alignnone size-full wp-image-28985\" src=\"https:\/\/moda.covermagazin.com\/wp-content\/uploads\/2018\/07\/ekskluzivne-duge_haljine_15.jpg\" alt=\"\" width=\"397\" height=\"659\" \/><\/a> <a href=\"https:\/\/moda.covermagazin.com\/wp-content\/uploads\/2018\/07\/ekskluzivne-duge_haljine_14.jpg\"><img loading=\"lazy\" decoding=\"async\" class=\"alignnone size-full wp-image-28986\" src=\"https:\/\/moda.covermagazin.com\/wp-content\/uploads\/2018\/07\/ekskluzivne-duge_haljine_14.jpg\" alt=\"\" width=\"397\" height=\"659\" \/><\/a> <a href=\"https:\/\/moda.covermagazin.com\/wp-content\/uploads\/2018\/07\/ekskluzivne-duge_haljine_13.jpg\"><img loading=\"lazy\" decoding=\"async\" class=\"alignnone size-full wp-image-28987\" src=\"https:\/\/moda.covermagazin.com\/wp-content\/uploads\/2018\/07\/ekskluzivne-duge_haljine_13.jpg\" alt=\"\" width=\"397\" height=\"659\" \/><\/a> <a href=\"https:\/\/moda.covermagazin.com\/wp-content\/uploads\/2018\/07\/ekskluzivne-duge_haljine_12.jpg\"><img loading=\"lazy\" decoding=\"async\" class=\"alignnone size-full wp-image-28988\" src=\"https:\/\/moda.covermagazin.com\/wp-content\/uploads\/2018\/07\/ekskluzivne-duge_haljine_12.jpg\" alt=\"\" width=\"397\" height=\"659\" \/><\/a> <a href=\"https:\/\/moda.covermagazin.com\/wp-content\/uploads\/2018\/07\/ekskluzivne-duge_haljine_11.jpg\"><img loading=\"lazy\" decoding=\"async\" class=\"alignnone size-full wp-image-28989\" src=\"https:\/\/moda.covermagazin.com\/wp-content\/uploads\/2018\/07\/ekskluzivne-duge_haljine_11.jpg\" alt=\"\" width=\"397\" height=\"659\" \/><\/a> <a href=\"https:\/\/moda.covermagazin.com\/wp-content\/uploads\/2018\/07\/ekskluzivne-duge_haljine_10.jpg\"><img loading=\"lazy\" decoding=\"async\" class=\"alignnone size-full wp-image-28990\" src=\"https:\/\/moda.covermagazin.com\/wp-content\/uploads\/2018\/07\/ekskluzivne-duge_haljine_10.jpg\" alt=\"\" width=\"397\" height=\"659\" \/><\/a> <a href=\"https:\/\/moda.covermagazin.com\/wp-content\/uploads\/2018\/07\/ekskluzivne-duge_haljine_9.jpg\"><img loading=\"lazy\" decoding=\"async\" class=\"alignnone size-full wp-image-28991\" src=\"https:\/\/moda.covermagazin.com\/wp-content\/uploads\/2018\/07\/ekskluzivne-duge_haljine_9.jpg\" alt=\"\" width=\"397\" height=\"659\" \/><\/a> <a href=\"https:\/\/moda.covermagazin.com\/wp-content\/uploads\/2018\/07\/ekskluzivne-duge_haljine_8.jpg\"><img loading=\"lazy\" decoding=\"async\" class=\"alignnone size-full wp-image-28992\" src=\"https:\/\/moda.covermagazin.com\/wp-content\/uploads\/2018\/07\/ekskluzivne-duge_haljine_8.jpg\" alt=\"\" width=\"397\" height=\"659\" \/><\/a> <a href=\"https:\/\/moda.covermagazin.com\/wp-content\/uploads\/2018\/07\/ekskluzivne-duge_haljine_7.jpg\"><img loading=\"lazy\" decoding=\"async\" class=\"alignnone size-full wp-image-28993\" src=\"https:\/\/moda.covermagazin.com\/wp-content\/uploads\/2018\/07\/ekskluzivne-duge_haljine_7.jpg\" alt=\"\" width=\"397\" height=\"659\" \/><\/a> <a href=\"https:\/\/moda.covermagazin.com\/wp-content\/uploads\/2018\/07\/ekskluzivne-duge_haljine_6.jpg\"><img loading=\"lazy\" decoding=\"async\" class=\"alignnone size-full wp-image-28994\" src=\"https:\/\/moda.covermagazin.com\/wp-content\/uploads\/2018\/07\/ekskluzivne-duge_haljine_6.jpg\" alt=\"\" width=\"397\" height=\"659\" \/><\/a> <a href=\"https:\/\/moda.covermagazin.com\/wp-content\/uploads\/2018\/07\/ekskluzivne-duge_haljine_5.jpg\"><img loading=\"lazy\" decoding=\"async\" class=\"alignnone size-full wp-image-28995\" src=\"https:\/\/moda.covermagazin.com\/wp-content\/uploads\/2018\/07\/ekskluzivne-duge_haljine_5.jpg\" alt=\"\" width=\"397\" height=\"659\" \/><\/a> <a href=\"https:\/\/moda.covermagazin.com\/wp-content\/uploads\/2018\/07\/ekskluzivne-duge_haljine_4.jpg\"><img loading=\"lazy\" decoding=\"async\" class=\"alignnone size-full wp-image-28996\" src=\"https:\/\/moda.covermagazin.com\/wp-content\/uploads\/2018\/07\/ekskluzivne-duge_haljine_4.jpg\" alt=\"\" width=\"397\" height=\"659\" \/><\/a> <a href=\"https:\/\/moda.covermagazin.com\/wp-content\/uploads\/2018\/07\/ekskluzivne-duge_haljine_3.jpg\"><img loading=\"lazy\" decoding=\"async\" class=\"alignnone size-full wp-image-28997\" src=\"https:\/\/moda.covermagazin.com\/wp-content\/uploads\/2018\/07\/ekskluzivne-duge_haljine_3.jpg\" alt=\"\" width=\"397\" height=\"659\" \/><\/a> <a href=\"https:\/\/moda.covermagazin.com\/wp-content\/uploads\/2018\/07\/ekskluzivne-duge_haljine_2.jpg\"><img loading=\"lazy\" decoding=\"async\" class=\"alignnone size-full wp-image-28998\" src=\"https:\/\/moda.covermagazin.com\/wp-content\/uploads\/2018\/07\/ekskluzivne-duge_haljine_2.jpg\" alt=\"\" width=\"397\" height=\"659\" \/><\/a> <a href=\"https:\/\/moda.covermagazin.com\/wp-content\/uploads\/2018\/07\/ekskluzivne-duge_haljine_1.jpg\"><img loading=\"lazy\" decoding=\"async\" class=\"alignnone size-full wp-image-28999\" src=\"https:\/\/moda.covermagazin.com\/wp-content\/uploads\/2018\/07\/ekskluzivne-duge_haljine_1.jpg\" alt=\"\" width=\"397\" height=\"659\" \/><\/a><\/p>\n<p>&nbsp;<\/p>\n","protected":false},"excerpt":{"rendered":"<p>Moderne ekskluzivne duge haljine Po\u010detak ljeta je razdoblje u kojem se jako \u010desto nose duge sve\u010dane haljine. Od vjen\u010danja, preko maturalnih zabava i drugih sve\u010danih doga\u0111aja, ljeto je pravo vrijeme da zablistate. Ispod su haljine iz kolekcije za ljeto 2020. poznatog svjetskog branda Alyce. &nbsp;<\/p>\n","protected":false},"author":1,"featured_media":0,"comment_status":"open","ping_status":"open","sticky":false,"template":"","format":"standard","meta":{"footnotes":""},"categories":[1043,114],"tags":[1110,1209,1200,1127,1214,1347,1225,1317,1497,1199,1208,1082,1092,1204],"class_list":["post-19922","post","type-post","status-publish","format-standard","hentry","category-moda-2018","category-dizajneri_modne_galerije","tag-duge-haljine","tag-haljine","tag-haljine-slike","tag-haljine-za-ljeto","tag-haljine-za-maturalnu-vecer","tag-svecane-haljine-za-svadbu","tag-haljine_za_svadbu","tag-moderne_haljine_za_svadbu","tag-haljine-za-vjencanje","tag-maturalne-haljine","tag-maxi-haljine","tag-moderne-haljine","tag-svecane-haljine","tag-svecane-haljine-2019"],"_links":{"self":[{"href":"https:\/\/moda.covermagazin.com\/index.php?rest_route=\/wp\/v2\/posts\/19922","targetHints":{"allow":["GET"]}}],"collection":[{"href":"https:\/\/moda.covermagazin.com\/index.php?rest_route=\/wp\/v2\/posts"}],"about":[{"href":"https:\/\/moda.covermagazin.com\/index.php?rest_route=\/wp\/v2\/types\/post"}],"author":[{"embeddable":true,"href":"https:\/\/moda.covermagazin.com\/index.php?rest_route=\/wp\/v2\/users\/1"}],"replies":[{"embeddable":true,"href":"https:\/\/moda.covermagazin.com\/index.php?rest_route=%2Fwp%2Fv2%2Fcomments&post=19922"}],"version-history":[{"count":5,"href":"https:\/\/moda.covermagazin.com\/index.php?rest_route=\/wp\/v2\/posts\/19922\/revisions"}],"predecessor-version":[{"id":48511,"href":"https:\/\/moda.covermagazin.com\/index.php?rest_route=\/wp\/v2\/posts\/19922\/revisions\/48511"}],"wp:attachment":[{"href":"https:\/\/moda.covermagazin.com\/index.php?rest_route=%2Fwp%2Fv2%2Fmedia&parent=19922"}],"wp:term":[{"taxonomy":"category","embeddable":true,"href":"https:\/\/moda.covermagazin.com\/index.php?rest_route=%2Fwp%2Fv2%2Fcategories&post=19922"},{"taxonomy":"post_tag","embeddable":true,"href":"https:\/\/moda.covermagazin.com\/index.php?rest_route=%2Fwp%2Fv2%2Ftags&post=19922"}],"curies":[{"name":"wp","href":"https:\/\/api.w.org\/{rel}","templated":true}]}}