{"id":19764,"date":"2014-05-08T11:47:18","date_gmt":"2014-05-08T09:47:18","guid":{"rendered":"http:\/\/moda.covermagazin.com\/?p=19764"},"modified":"2024-09-30T22:11:50","modified_gmt":"2024-09-30T20:11:50","slug":"nebesko-cvjetni-summerbook-iz-elfs-modne-bajke","status":"publish","type":"post","link":"https:\/\/moda.covermagazin.com\/?p=19764","title":{"rendered":"Nebesko &#8211; cvjetne haljine iz ELFS modne bajke"},"content":{"rendered":"<h3><a href=\"http:\/\/moda.covermagazin.com\/wp-content\/uploads\/2014\/05\/elfs-moda.jpg\"><img loading=\"lazy\" decoding=\"async\" class=\"alignnone size-full wp-image-19765\" src=\"http:\/\/moda.covermagazin.com\/wp-content\/uploads\/2014\/05\/elfs-moda.jpg\" alt=\"Nebesko - cvjetni summerbook iz ELFS modne bajke!\" width=\"390\" height=\"370\" \/><\/a><\/h3>\n<h3>Nebesko &#8211; cvjetni haljine iz ELFS modne bajke<\/h3>\n<p>Nebo nakon proloma oblaka i prve zrake sunca nakon istog, zalasci i izlasci sunca pro\u0161arani izrazito procvjetalim motivima nit su vodilja ove prezentacije i sve nekako kao da zove na pravi ljetni tulum &#8211; zabava mirise negdje u zraku.<\/p>\n<p>ELFS ovim putem javnosti predstavlja svoj SUMMERBOOK s klju\u010dnim komadima za ovu sezonu. Glavna zvijezda te kampanje je ovosezonsko za\u0161titno lice branda pjeva\u010dica Maja \u0160uput koja je savr\u0161eno prezentirala vesele \u00a0komade koji se ve\u0107 nalaze na ELFS-ovim policama, a dru\u0161tvo joj skoro pa ravnopravno prave redom najatraktivnije\u00a0Hrvatice i Hrvati iz svijeta modelinga (Iva Jerkovi\u0107, Kim Kosanovi\u0107, Petar Pu\u0161kari\u0107, Merry Ben\u010di\u0107, Malina Grahek,Iris Raj\u010di\u0107, Anamarija Cajner&#8230;.)<\/p>\n<p>ELFS-ovu proljetnu\u00a0kolekciju\u00a0karakteriziraju cool retro komadi s bogatim autorskim printevima ovog branda, vesele boje i optimizam koji ova odje\u0107a jednostavno \u0161iri. SUMMERBOOK by ELFS donosi more uzbudljivih lookova za sve prigode. Kao klju\u010dni komadi isti\u010du se \u00a0romanti\u010dne bluze i suknje, \u00a0\u017eenstvene haljine, ki\u0161obrani u retro\u00a0stilu, velike torbe, brojni detalji u obliku dijamanta i srca \u00a0te duge elegantne toalete za posebne prigode. Puls neodoljivosti donose komadi u pastelnim bojama, poput uber cool sweatera, a kao nezaobilazan\u00a0trend\u00a0ove sezone isti\u010du se ovosezonski must have cvjetni uzorak, pli\u0161ane trenirke i pamu\u010dne majice \u010dija je glavna osobina udobnost. Odje\u0107a s potpisom najpra\u0107enijeg modnog dvojca na\u0161e regije \u00a0je mladena\u010dka i urbana ali i primjerena za k ombiniranje osobama koje njeguju i druga\u010dije stilove.<\/p>\n<p>ELFS ove sezone poru\u010duje: \u00a0LJETNA \u00a0ZABAVA MO\u017dE ZAPOCETI !<\/p>\n<p><a href=\"http:\/\/moda.covermagazin.com\/wp-content\/uploads\/2014\/05\/elfs-1.jpg\"><img loading=\"lazy\" decoding=\"async\" class=\"alignnone size-full wp-image-19774\" src=\"http:\/\/moda.covermagazin.com\/wp-content\/uploads\/2014\/05\/elfs-1.jpg\" alt=\"Nebesko - cvjetni summerbook iz ELFS modne bajke!\" width=\"400\" height=\"607\" \/><\/a><\/p>\n<p><a href=\"http:\/\/moda.covermagazin.com\/wp-content\/uploads\/2014\/05\/elfs-2.jpg\"><img loading=\"lazy\" decoding=\"async\" class=\"alignnone size-full wp-image-19773\" src=\"http:\/\/moda.covermagazin.com\/wp-content\/uploads\/2014\/05\/elfs-2.jpg\" alt=\"Nebesko - cvjetni summerbook iz ELFS modne bajke!\" width=\"400\" height=\"602\" \/><\/a><\/p>\n<p><a href=\"http:\/\/moda.covermagazin.com\/wp-content\/uploads\/2014\/05\/elfs-3.jpg\"><img loading=\"lazy\" decoding=\"async\" class=\"alignnone size-full wp-image-19772\" src=\"http:\/\/moda.covermagazin.com\/wp-content\/uploads\/2014\/05\/elfs-3.jpg\" alt=\"Nebesko - cvjetni summerbook iz ELFS modne bajke!\" width=\"400\" height=\"603\" \/><\/a><\/p>\n<p><a href=\"http:\/\/moda.covermagazin.com\/wp-content\/uploads\/2014\/05\/elfs-4.jpg\"><img loading=\"lazy\" decoding=\"async\" class=\"alignnone size-full wp-image-19771\" src=\"http:\/\/moda.covermagazin.com\/wp-content\/uploads\/2014\/05\/elfs-4.jpg\" alt=\"elfs-4\" width=\"400\" height=\"606\" \/><\/a><\/p>\n<p><a href=\"http:\/\/moda.covermagazin.com\/wp-content\/uploads\/2014\/05\/elfs-5.jpg\"><img loading=\"lazy\" decoding=\"async\" class=\"alignnone size-full wp-image-19770\" src=\"http:\/\/moda.covermagazin.com\/wp-content\/uploads\/2014\/05\/elfs-5.jpg\" alt=\"Nebesko - cvjetni summerbook iz ELFS modne bajke!\" width=\"400\" height=\"604\" \/><\/a><\/p>\n<p><a href=\"http:\/\/moda.covermagazin.com\/wp-content\/uploads\/2014\/05\/elfs-6.jpg\"><img loading=\"lazy\" decoding=\"async\" class=\"alignnone size-full wp-image-19769\" src=\"http:\/\/moda.covermagazin.com\/wp-content\/uploads\/2014\/05\/elfs-6.jpg\" alt=\"elfs-6\" width=\"400\" height=\"605\" \/><\/a><\/p>\n<p><a href=\"http:\/\/moda.covermagazin.com\/wp-content\/uploads\/2014\/05\/elfs-7.jpg\"><img loading=\"lazy\" decoding=\"async\" class=\"alignnone size-full wp-image-19768\" src=\"http:\/\/moda.covermagazin.com\/wp-content\/uploads\/2014\/05\/elfs-7.jpg\" alt=\"Nebesko - cvjetni summerbook iz ELFS modne bajke!\" width=\"400\" height=\"612\" \/><\/a><\/p>\n<p><a href=\"http:\/\/moda.covermagazin.com\/wp-content\/uploads\/2014\/05\/elfs-8.jpg\"><img loading=\"lazy\" decoding=\"async\" class=\"alignnone size-full wp-image-19767\" src=\"http:\/\/moda.covermagazin.com\/wp-content\/uploads\/2014\/05\/elfs-8.jpg\" alt=\"Nebesko - cvjetni summerbook iz ELFS modne bajke!\" width=\"400\" height=\"613\" \/><\/a><\/p>\n<p><a href=\"http:\/\/moda.covermagazin.com\/wp-content\/uploads\/2014\/05\/elfs-9.jpg\"><img loading=\"lazy\" decoding=\"async\" class=\"alignnone size-full wp-image-19766\" src=\"http:\/\/moda.covermagazin.com\/wp-content\/uploads\/2014\/05\/elfs-9.jpg\" alt=\"elfs-9\" width=\"400\" height=\"616\" \/><\/a><\/p>\n","protected":false},"excerpt":{"rendered":"<p>Nebesko &#8211; cvjetni haljine iz ELFS modne bajke Nebo nakon proloma oblaka i prve zrake sunca nakon istog, zalasci i izlasci sunca pro\u0161arani izrazito procvjetalim motivima nit su vodilja ove prezentacije i sve nekako kao da zove na pravi ljetni tulum &#8211; zabava mirise negdje u zraku. ELFS ovim putem javnosti predstavlja svoj SUMMERBOOK s [&hellip;]<\/p>\n","protected":false},"author":1,"featured_media":0,"comment_status":"open","ping_status":"open","sticky":false,"template":"","format":"standard","meta":{"footnotes":""},"categories":[3],"tags":[1139,1110,1209,1200,1141,1208,1140,1082,1137,1142,1145,1147,1101,1146],"class_list":["post-19764","post","type-post","status-publish","format-standard","hentry","category-modni_trendovi","tag-bluze","tag-duge-haljine","tag-haljine","tag-haljine-slike","tag-majice","tag-maxi-haljine","tag-moderne-bluze","tag-moderne-haljine","tag-moderne-kosulje","tag-moderne-majice","tag-moderne-suknje","tag-moderne-trenirke","tag-suknje","tag-trenirke"],"_links":{"self":[{"href":"https:\/\/moda.covermagazin.com\/index.php?rest_route=\/wp\/v2\/posts\/19764","targetHints":{"allow":["GET"]}}],"collection":[{"href":"https:\/\/moda.covermagazin.com\/index.php?rest_route=\/wp\/v2\/posts"}],"about":[{"href":"https:\/\/moda.covermagazin.com\/index.php?rest_route=\/wp\/v2\/types\/post"}],"author":[{"embeddable":true,"href":"https:\/\/moda.covermagazin.com\/index.php?rest_route=\/wp\/v2\/users\/1"}],"replies":[{"embeddable":true,"href":"https:\/\/moda.covermagazin.com\/index.php?rest_route=%2Fwp%2Fv2%2Fcomments&post=19764"}],"version-history":[{"count":4,"href":"https:\/\/moda.covermagazin.com\/index.php?rest_route=\/wp\/v2\/posts\/19764\/revisions"}],"predecessor-version":[{"id":48897,"href":"https:\/\/moda.covermagazin.com\/index.php?rest_route=\/wp\/v2\/posts\/19764\/revisions\/48897"}],"wp:attachment":[{"href":"https:\/\/moda.covermagazin.com\/index.php?rest_route=%2Fwp%2Fv2%2Fmedia&parent=19764"}],"wp:term":[{"taxonomy":"category","embeddable":true,"href":"https:\/\/moda.covermagazin.com\/index.php?rest_route=%2Fwp%2Fv2%2Fcategories&post=19764"},{"taxonomy":"post_tag","embeddable":true,"href":"https:\/\/moda.covermagazin.com\/index.php?rest_route=%2Fwp%2Fv2%2Ftags&post=19764"}],"curies":[{"name":"wp","href":"https:\/\/api.w.org\/{rel}","templated":true}]}}