{"id":19679,"date":"2014-05-07T09:05:56","date_gmt":"2014-05-07T07:05:56","guid":{"rendered":"http:\/\/moda.covermagazin.com\/?p=19679"},"modified":"2020-11-21T21:45:53","modified_gmt":"2020-11-21T19:45:53","slug":"5-kljucnih-trendova-obuce-za-ljeto-2014","status":"publish","type":"post","link":"https:\/\/moda.covermagazin.com\/?p=19679","title":{"rendered":"5 klju\u010dnih trendova obu\u0107e za ljeto"},"content":{"rendered":"<h3><a href=\"http:\/\/moda.covermagazin.com\/wp-content\/uploads\/2014\/05\/cipele-moda-f.jpg\"><img loading=\"lazy\" decoding=\"async\" class=\"alignnone size-full wp-image-19680\" src=\"http:\/\/moda.covermagazin.com\/wp-content\/uploads\/2014\/05\/cipele-moda-f.jpg\" alt=\"Moderna obu\u0107a ljeto 2014.\" width=\"420\" height=\"379\" \/><\/a><\/h3>\n<h3>5 klju\u010dnih trendova obu\u0107e za ljeto<\/h3>\n<p>Svake sezone trendovi u cipelama se mijenjaju. Ovo ljeto u tom je smislu vrlo zahvalno jer su moderni gotovo svi oblici i uzorci. Od cipela u \u0161pic i klasi\u010dnih salonki, do cipela s velikom platformom, kakve god da odaberete ne\u0107ete pogrije\u0161iti. Ipak, pet novih trendova se izdvojilo \u0161to cipele ispod \u010dini super modernima.<\/p>\n<p>-1- Tufnice<\/p>\n<p><a href=\"http:\/\/moda.covermagazin.com\/wp-content\/uploads\/2014\/05\/cipele-1-5.jpg\"><img loading=\"lazy\" decoding=\"async\" class=\"alignnone size-full wp-image-19681\" src=\"http:\/\/moda.covermagazin.com\/wp-content\/uploads\/2014\/05\/cipele-1-5.jpg\" alt=\"cipele-1-5\" width=\"400\" height=\"412\" \/><\/a><\/p>\n<p><a href=\"http:\/\/moda.covermagazin.com\/wp-content\/uploads\/2014\/05\/cipele-1-4.jpg\"><img loading=\"lazy\" decoding=\"async\" class=\"alignnone size-full wp-image-19682\" src=\"http:\/\/moda.covermagazin.com\/wp-content\/uploads\/2014\/05\/cipele-1-4.jpg\" alt=\"Moderna obu\u0107a ljeto 2014.\" width=\"400\" height=\"454\" \/><\/a><\/p>\n<p><a href=\"http:\/\/moda.covermagazin.com\/wp-content\/uploads\/2014\/05\/cipele-1-3.jpg\"><img loading=\"lazy\" decoding=\"async\" class=\"alignnone size-full wp-image-19683\" src=\"http:\/\/moda.covermagazin.com\/wp-content\/uploads\/2014\/05\/cipele-1-3.jpg\" alt=\"cipele-1-3\" width=\"400\" height=\"400\" \/><\/a><\/p>\n<p><a href=\"http:\/\/moda.covermagazin.com\/wp-content\/uploads\/2014\/05\/cipele-1-2.jpg\"><img loading=\"lazy\" decoding=\"async\" class=\"alignnone size-full wp-image-19684\" src=\"http:\/\/moda.covermagazin.com\/wp-content\/uploads\/2014\/05\/cipele-1-2.jpg\" alt=\"Moderna obu\u0107a ljeto 2014.\" width=\"400\" height=\"400\" \/><\/a><\/p>\n<p><a href=\"http:\/\/moda.covermagazin.com\/wp-content\/uploads\/2014\/05\/cipele-1-1.jpg\"><img loading=\"lazy\" decoding=\"async\" class=\"alignnone size-full wp-image-19685\" src=\"http:\/\/moda.covermagazin.com\/wp-content\/uploads\/2014\/05\/cipele-1-1.jpg\" alt=\"cipele-1-1\" width=\"400\" height=\"534\" \/><\/a><\/p>\n<p>-2- Ru\u017ei\u010daste cipele<\/p>\n<p><a href=\"http:\/\/moda.covermagazin.com\/wp-content\/uploads\/2014\/05\/cipele-2-5.jpg\"><img loading=\"lazy\" decoding=\"async\" class=\"alignnone size-full wp-image-19686\" src=\"http:\/\/moda.covermagazin.com\/wp-content\/uploads\/2014\/05\/cipele-2-5.jpg\" alt=\"cipele-2-5\" width=\"400\" height=\"500\" \/><\/a><\/p>\n<p><a href=\"http:\/\/moda.covermagazin.com\/wp-content\/uploads\/2014\/05\/cipele-2-4.jpg\"><img loading=\"lazy\" decoding=\"async\" class=\"alignnone size-full wp-image-19687\" src=\"http:\/\/moda.covermagazin.com\/wp-content\/uploads\/2014\/05\/cipele-2-4.jpg\" alt=\"Moderna obu\u0107a ljeto 2014.\" width=\"400\" height=\"500\" \/><\/a><\/p>\n<p><a href=\"http:\/\/moda.covermagazin.com\/wp-content\/uploads\/2014\/05\/cipele-2-3.jpg\"><img loading=\"lazy\" decoding=\"async\" class=\"alignnone size-full wp-image-19688\" src=\"http:\/\/moda.covermagazin.com\/wp-content\/uploads\/2014\/05\/cipele-2-3.jpg\" alt=\"cipele-2-3\" width=\"400\" height=\"500\" \/><\/a><\/p>\n<p><a href=\"http:\/\/moda.covermagazin.com\/wp-content\/uploads\/2014\/05\/cipele-2-2.jpg\"><img loading=\"lazy\" decoding=\"async\" class=\"alignnone size-full wp-image-19689\" src=\"http:\/\/moda.covermagazin.com\/wp-content\/uploads\/2014\/05\/cipele-2-2.jpg\" alt=\"Moderna obu\u0107a ljeto 2014.\" width=\"400\" height=\"500\" \/><\/a><\/p>\n<p><a href=\"http:\/\/moda.covermagazin.com\/wp-content\/uploads\/2014\/05\/cipele-2-1.jpg\"><img loading=\"lazy\" decoding=\"async\" class=\"alignnone size-full wp-image-19690\" src=\"http:\/\/moda.covermagazin.com\/wp-content\/uploads\/2014\/05\/cipele-2-1.jpg\" alt=\"cipele-2-1\" width=\"400\" height=\"500\" \/><\/a><\/p>\n<p>-3- Bijele cipele<\/p>\n<p><a href=\"http:\/\/moda.covermagazin.com\/wp-content\/uploads\/2014\/05\/cipele-3-5.jpg\"><img loading=\"lazy\" decoding=\"async\" class=\"alignnone size-full wp-image-19691\" src=\"http:\/\/moda.covermagazin.com\/wp-content\/uploads\/2014\/05\/cipele-3-5.jpg\" alt=\"cipele-3-5\" width=\"400\" height=\"500\" \/><\/a><\/p>\n<p><a href=\"http:\/\/moda.covermagazin.com\/wp-content\/uploads\/2014\/05\/cipele-3-4.jpg\"><img loading=\"lazy\" decoding=\"async\" class=\"alignnone size-full wp-image-19692\" src=\"http:\/\/moda.covermagazin.com\/wp-content\/uploads\/2014\/05\/cipele-3-4.jpg\" alt=\"Moderna obu\u0107a ljeto 2014.\" width=\"400\" height=\"500\" \/><\/a><\/p>\n<p><a href=\"http:\/\/moda.covermagazin.com\/wp-content\/uploads\/2014\/05\/cipele-3-3.jpg\"><img loading=\"lazy\" decoding=\"async\" class=\"alignnone size-full wp-image-19693\" src=\"http:\/\/moda.covermagazin.com\/wp-content\/uploads\/2014\/05\/cipele-3-3.jpg\" alt=\"cipele-3-3\" width=\"400\" height=\"500\" \/><\/a><\/p>\n<p><a href=\"http:\/\/moda.covermagazin.com\/wp-content\/uploads\/2014\/05\/cipele-3-2.jpg\"><img loading=\"lazy\" decoding=\"async\" class=\"alignnone size-full wp-image-19694\" src=\"http:\/\/moda.covermagazin.com\/wp-content\/uploads\/2014\/05\/cipele-3-2.jpg\" alt=\"Moderna obu\u0107a ljeto 2014.\" width=\"400\" height=\"500\" \/><\/a><\/p>\n<p><a href=\"http:\/\/moda.covermagazin.com\/wp-content\/uploads\/2014\/05\/cipele-3-1.jpg\"><img loading=\"lazy\" decoding=\"async\" class=\"alignnone size-full wp-image-19695\" src=\"http:\/\/moda.covermagazin.com\/wp-content\/uploads\/2014\/05\/cipele-3-1.jpg\" alt=\"cipele-3-1\" width=\"400\" height=\"400\" \/><\/a><\/p>\n<p>-4- Cvjetni uzorak i leptiri\u0107i<\/p>\n<p><a href=\"http:\/\/moda.covermagazin.com\/wp-content\/uploads\/2014\/05\/cipele-4-5.jpg\"><img loading=\"lazy\" decoding=\"async\" class=\"alignnone size-full wp-image-19696\" src=\"http:\/\/moda.covermagazin.com\/wp-content\/uploads\/2014\/05\/cipele-4-5.jpg\" alt=\"cipele-4-5\" width=\"400\" height=\"400\" \/><\/a><\/p>\n<p><a href=\"http:\/\/moda.covermagazin.com\/wp-content\/uploads\/2014\/05\/cipele-4-4.jpg\"><img loading=\"lazy\" decoding=\"async\" class=\"alignnone size-full wp-image-19697\" src=\"http:\/\/moda.covermagazin.com\/wp-content\/uploads\/2014\/05\/cipele-4-4.jpg\" alt=\"Moderna obu\u0107a ljeto 2014.\" width=\"400\" height=\"217\" \/><\/a><\/p>\n<p><a href=\"http:\/\/moda.covermagazin.com\/wp-content\/uploads\/2014\/05\/cipele-4-3.jpg\"><img loading=\"lazy\" decoding=\"async\" class=\"alignnone size-full wp-image-19698\" src=\"http:\/\/moda.covermagazin.com\/wp-content\/uploads\/2014\/05\/cipele-4-3.jpg\" alt=\"cipele-4-3\" width=\"400\" height=\"302\" \/><\/a><\/p>\n<p><a href=\"http:\/\/moda.covermagazin.com\/wp-content\/uploads\/2014\/05\/cipele-4-2.jpg\"><img loading=\"lazy\" decoding=\"async\" class=\"alignnone size-full wp-image-19699\" src=\"http:\/\/moda.covermagazin.com\/wp-content\/uploads\/2014\/05\/cipele-4-2.jpg\" alt=\"Moderna obu\u0107a ljeto 2014.\" width=\"400\" height=\"400\" \/><\/a><\/p>\n<p><a href=\"http:\/\/moda.covermagazin.com\/wp-content\/uploads\/2014\/05\/cipele-4-1.jpg\"><img loading=\"lazy\" decoding=\"async\" class=\"alignnone size-full wp-image-19700\" src=\"http:\/\/moda.covermagazin.com\/wp-content\/uploads\/2014\/05\/cipele-4-1.jpg\" alt=\"cipele-4-1\" width=\"400\" height=\"400\" \/><\/a><\/p>\n<p>-5- Cipele s puno remenja<\/p>\n<p><a href=\"http:\/\/moda.covermagazin.com\/wp-content\/uploads\/2014\/05\/cipele-5-5.jpg\"><img loading=\"lazy\" decoding=\"async\" class=\"alignnone size-full wp-image-19701\" src=\"http:\/\/moda.covermagazin.com\/wp-content\/uploads\/2014\/05\/cipele-5-5.jpg\" alt=\"cipele-5-5\" width=\"400\" height=\"500\" \/><\/a><\/p>\n<p><a href=\"http:\/\/moda.covermagazin.com\/wp-content\/uploads\/2014\/05\/cipele-5-4.jpg\"><img loading=\"lazy\" decoding=\"async\" class=\"alignnone size-full wp-image-19702\" src=\"http:\/\/moda.covermagazin.com\/wp-content\/uploads\/2014\/05\/cipele-5-4.jpg\" alt=\"Moderna obu\u0107a ljeto 2014.\" width=\"400\" height=\"500\" \/><\/a><\/p>\n<p><a href=\"http:\/\/moda.covermagazin.com\/wp-content\/uploads\/2014\/05\/cipele-5-3.jpg\"><img loading=\"lazy\" decoding=\"async\" class=\"alignnone size-full wp-image-19703\" src=\"http:\/\/moda.covermagazin.com\/wp-content\/uploads\/2014\/05\/cipele-5-3.jpg\" alt=\"cipele-5-3\" width=\"400\" height=\"400\" \/><\/a><\/p>\n<p><a href=\"http:\/\/moda.covermagazin.com\/wp-content\/uploads\/2014\/05\/cipele-5-2.jpg\"><img loading=\"lazy\" decoding=\"async\" class=\"alignnone size-full wp-image-19704\" src=\"http:\/\/moda.covermagazin.com\/wp-content\/uploads\/2014\/05\/cipele-5-2.jpg\" alt=\"Moderna obu\u0107a ljeto 2014.\" width=\"400\" height=\"400\" \/><\/a><\/p>\n<p><a href=\"http:\/\/moda.covermagazin.com\/wp-content\/uploads\/2014\/05\/cipele-5-1.jpg\"><img loading=\"lazy\" decoding=\"async\" class=\"alignnone size-full wp-image-19705\" src=\"http:\/\/moda.covermagazin.com\/wp-content\/uploads\/2014\/05\/cipele-5-1.jpg\" alt=\"cipele-5-1\" width=\"400\" height=\"400\" \/><\/a><\/p>\n","protected":false},"excerpt":{"rendered":"<p>Svake sezone trendovi u cipelama se mijenjaju. Ovo ljeto&#8230;<\/p>\n","protected":false},"author":1,"featured_media":0,"comment_status":"open","ping_status":"open","sticky":false,"template":"","format":"standard","meta":{"footnotes":""},"categories":[3],"tags":[],"class_list":["post-19679","post","type-post","status-publish","format-standard","hentry","category-modni_trendovi"],"_links":{"self":[{"href":"https:\/\/moda.covermagazin.com\/index.php?rest_route=\/wp\/v2\/posts\/19679","targetHints":{"allow":["GET"]}}],"collection":[{"href":"https:\/\/moda.covermagazin.com\/index.php?rest_route=\/wp\/v2\/posts"}],"about":[{"href":"https:\/\/moda.covermagazin.com\/index.php?rest_route=\/wp\/v2\/types\/post"}],"author":[{"embeddable":true,"href":"https:\/\/moda.covermagazin.com\/index.php?rest_route=\/wp\/v2\/users\/1"}],"replies":[{"embeddable":true,"href":"https:\/\/moda.covermagazin.com\/index.php?rest_route=%2Fwp%2Fv2%2Fcomments&post=19679"}],"version-history":[{"count":2,"href":"https:\/\/moda.covermagazin.com\/index.php?rest_route=\/wp\/v2\/posts\/19679\/revisions"}],"predecessor-version":[{"id":33696,"href":"https:\/\/moda.covermagazin.com\/index.php?rest_route=\/wp\/v2\/posts\/19679\/revisions\/33696"}],"wp:attachment":[{"href":"https:\/\/moda.covermagazin.com\/index.php?rest_route=%2Fwp%2Fv2%2Fmedia&parent=19679"}],"wp:term":[{"taxonomy":"category","embeddable":true,"href":"https:\/\/moda.covermagazin.com\/index.php?rest_route=%2Fwp%2Fv2%2Fcategories&post=19679"},{"taxonomy":"post_tag","embeddable":true,"href":"https:\/\/moda.covermagazin.com\/index.php?rest_route=%2Fwp%2Fv2%2Ftags&post=19679"}],"curies":[{"name":"wp","href":"https:\/\/api.w.org\/{rel}","templated":true}]}}