{"id":19576,"date":"2021-02-16T06:41:50","date_gmt":"2021-02-16T04:41:50","guid":{"rendered":"http:\/\/moda.covermagazin.com\/?p=19576"},"modified":"2024-09-30T19:07:14","modified_gmt":"2024-09-30T17:07:14","slug":"bob-frizure-u-2014","status":"publish","type":"post","link":"https:\/\/moda.covermagazin.com\/?p=19576","title":{"rendered":"Bob frizure iz 2020. kao inspiracija za 2021."},"content":{"rendered":"<h3><a href=\"https:\/\/moda.covermagazin.com\/wp-content\/uploads\/2020\/11\/Moderne-bob-frizure-2020-f.jpg\"><img loading=\"lazy\" decoding=\"async\" class=\"alignnone size-full wp-image-35262\" src=\"https:\/\/moda.covermagazin.com\/wp-content\/uploads\/2020\/11\/Moderne-bob-frizure-2020-f.jpg\" alt=\"\" width=\"600\" height=\"400\" \/><\/a><\/h3>\n<h3>Bob frizure iz 2020. kao inspiracija za 2021.<\/h3>\n<p>Bob je omiljena frizura mnogih \u017eena, jer je vrlo \u017eenstvena, elegantna, lako se odr\u017eava i vrlo uredna.\u00a0 Pristaje svim dobnim skupinama i gotovo svim oblicima lica.<\/p>\n<p>Ove sezone nosi se i glatki bob ravnih linija, kao i razbaru\u0161eni bob bez definiranog oblika. Asimetri\u010dni bob lagano je iza\u0161ao iz mode, ali ne\u0161to du\u017ei bob, koji bismo obi\u010dno svrstali u poludugu kosu (LOB frizura) ponovno se aktualizirao.<\/p>\n<p><a href=\"https:\/\/moda.covermagazin.com\/wp-content\/uploads\/2020\/11\/Moderne-bob-frizure-2020-1.jpg\"><img loading=\"lazy\" decoding=\"async\" class=\"alignnone size-full wp-image-35263\" src=\"https:\/\/moda.covermagazin.com\/wp-content\/uploads\/2020\/11\/Moderne-bob-frizure-2020-1.jpg\" alt=\"\" width=\"450\" height=\"559\" \/><\/a><\/p>\n<p>&nbsp;<\/p>\n<p><a href=\"https:\/\/moda.covermagazin.com\/wp-content\/uploads\/2014\/04\/Bob-frizure-2020-5.jpg\"><img loading=\"lazy\" decoding=\"async\" class=\"alignnone wp-image-33214 size-full\" src=\"https:\/\/moda.covermagazin.com\/wp-content\/uploads\/2014\/04\/Bob-frizure-2020-5.jpg\" alt=\"\" width=\"450\" height=\"400\" \/><\/a> <a href=\"https:\/\/moda.covermagazin.com\/wp-content\/uploads\/2014\/04\/Bob-frizure-2020-4.jpg\"><img loading=\"lazy\" decoding=\"async\" class=\"alignnone size-large wp-image-33215\" src=\"https:\/\/moda.covermagazin.com\/wp-content\/uploads\/2014\/04\/Bob-frizure-2020-4.jpg\" alt=\"\" width=\"450\" height=\"398\" \/><\/a> <a href=\"https:\/\/moda.covermagazin.com\/wp-content\/uploads\/2014\/04\/Bob-frizure-2020-3.jpg\"><img loading=\"lazy\" decoding=\"async\" class=\"alignnone size-large wp-image-33216\" src=\"https:\/\/moda.covermagazin.com\/wp-content\/uploads\/2014\/04\/Bob-frizure-2020-3.jpg\" alt=\"\" width=\"450\" height=\"401\" \/><\/a> <a href=\"https:\/\/moda.covermagazin.com\/wp-content\/uploads\/2014\/04\/Bob-frizure-2020-2.jpg\"><img loading=\"lazy\" decoding=\"async\" class=\"alignnone size-large wp-image-33217\" src=\"https:\/\/moda.covermagazin.com\/wp-content\/uploads\/2014\/04\/Bob-frizure-2020-2.jpg\" alt=\"\" width=\"450\" height=\"400\" \/><\/a> <a href=\"https:\/\/moda.covermagazin.com\/wp-content\/uploads\/2014\/04\/Bob-frizure-2020-1.jpg\"><img loading=\"lazy\" decoding=\"async\" class=\"alignnone size-large wp-image-33218\" src=\"https:\/\/moda.covermagazin.com\/wp-content\/uploads\/2014\/04\/Bob-frizure-2020-1.jpg\" alt=\"\" width=\"450\" height=\"401\" \/><\/a><\/p>\n<p>Op\u0161irnije &#8211; <a href=\"https:\/\/moda.covermagazin.com\/?p=14798\">Bob frizure za zimu 2020 \/ 2021.<\/a> &#8211;<\/p>\n<blockquote class=\"wp-embedded-content\" data-secret=\"dWPkqRCCry\"><p><a href=\"https:\/\/moda.covermagazin.com\/?p=14798\">100 ideja za najnovije BOB FRIZURE (prolje\u0107e  2024.)<\/a><\/p><\/blockquote>\n<p><iframe loading=\"lazy\" class=\"wp-embedded-content\" sandbox=\"allow-scripts\" security=\"restricted\" style=\"position: absolute; visibility: hidden;\" title=\"&#8220;100 ideja za najnovije BOB FRIZURE (prolje\u0107e  2024.)&#8221; &#8212; Moda \" src=\"https:\/\/moda.covermagazin.com\/?p=14798&#038;embed=true#?secret=uEn4ouWNrn#?secret=dWPkqRCCry\" data-secret=\"dWPkqRCCry\" width=\"500\" height=\"282\" frameborder=\"0\" marginwidth=\"0\" marginheight=\"0\" scrolling=\"no\"><\/iframe><\/p>\n","protected":false},"excerpt":{"rendered":"<p>Bob frizure iz 2020. kao inspiracija za 2021. Bob je omiljena frizura mnogih \u017eena, jer je vrlo \u017eenstvena, elegantna, lako se odr\u017eava i vrlo uredna.\u00a0 Pristaje svim dobnim skupinama i gotovo svim oblicima lica. Ove sezone nosi se i glatki bob ravnih linija, kao i razbaru\u0161eni bob bez definiranog oblika. Asimetri\u010dni bob lagano je iza\u0161ao [&hellip;]<\/p>\n","protected":false},"author":1,"featured_media":0,"comment_status":"open","ping_status":"open","sticky":false,"template":"","format":"standard","meta":{"footnotes":""},"categories":[4],"tags":[1228,1080,1319,1318,1328,1326,1325],"class_list":["post-19576","post","type-post","status-publish","format-standard","hentry","category-frizure_poznatih","tag-bob-frizura","tag-frizure-2016","tag-bob-frizure","tag-moderne-frizure-2021","tag-najmodernija-frizura-2021","tag-poluduge-frizure","tag-zenske-frizure"],"_links":{"self":[{"href":"https:\/\/moda.covermagazin.com\/index.php?rest_route=\/wp\/v2\/posts\/19576","targetHints":{"allow":["GET"]}}],"collection":[{"href":"https:\/\/moda.covermagazin.com\/index.php?rest_route=\/wp\/v2\/posts"}],"about":[{"href":"https:\/\/moda.covermagazin.com\/index.php?rest_route=\/wp\/v2\/types\/post"}],"author":[{"embeddable":true,"href":"https:\/\/moda.covermagazin.com\/index.php?rest_route=\/wp\/v2\/users\/1"}],"replies":[{"embeddable":true,"href":"https:\/\/moda.covermagazin.com\/index.php?rest_route=%2Fwp%2Fv2%2Fcomments&post=19576"}],"version-history":[{"count":4,"href":"https:\/\/moda.covermagazin.com\/index.php?rest_route=\/wp\/v2\/posts\/19576\/revisions"}],"predecessor-version":[{"id":48487,"href":"https:\/\/moda.covermagazin.com\/index.php?rest_route=\/wp\/v2\/posts\/19576\/revisions\/48487"}],"wp:attachment":[{"href":"https:\/\/moda.covermagazin.com\/index.php?rest_route=%2Fwp%2Fv2%2Fmedia&parent=19576"}],"wp:term":[{"taxonomy":"category","embeddable":true,"href":"https:\/\/moda.covermagazin.com\/index.php?rest_route=%2Fwp%2Fv2%2Fcategories&post=19576"},{"taxonomy":"post_tag","embeddable":true,"href":"https:\/\/moda.covermagazin.com\/index.php?rest_route=%2Fwp%2Fv2%2Ftags&post=19576"}],"curies":[{"name":"wp","href":"https:\/\/api.w.org\/{rel}","templated":true}]}}