{"id":18986,"date":"2024-11-14T06:12:16","date_gmt":"2024-11-14T04:12:16","guid":{"rendered":"http:\/\/moda.covermagazin.com\/?p=18986"},"modified":"2024-11-14T19:12:21","modified_gmt":"2024-11-14T17:12:21","slug":"kako-modernizirati-kratku-kosu-uciniti-izgled-atraktivnijim","status":"publish","type":"post","link":"https:\/\/moda.covermagazin.com\/?p=18986","title":{"rendered":"Kako modernizirati kratku kosu i u\u010diniti izgled atraktivnijim"},"content":{"rendered":"\n<h3 class=\"wp-block-heading\">&nbsp;<\/h3>\n\n\n\n<figure class=\"wp-block-image alignnone size-full\"><img decoding=\"async\" src=\"https:\/\/moda.covermagazin.com\/wp-content\/uploads\/2022\/05\/kratke-frizure-2025-3.jpg\" alt=\"\" class=\"wp-image-50595\"\/><\/figure>\n\n\n\n<h3 class=\"wp-block-heading\">Kako modernizirati kratku kosu i u\u010diniti izgled atraktivnijim<\/h3>\n\n\n\n<p>Obi\u010dno se <a href=\"https:\/\/moda.covermagazin.com\/?p=25951\">kratka kosa<\/a> poistovje\u0107uje sa sna\u017enim \u017eenama koje&nbsp; previ\u0161e ne zanima seksipil i romantika. Michelle Williams&nbsp; je nakon \u0161to se o\u0161i\u0161ala izjavila da se samo njenim prijateljicama svi\u0111a kratka kosa, a ni jednom mu\u0161karcu. Me\u0111utim, ako nosite kratku kosu vjerojatno znate da to nije u potpunosti to\u010dno. Kratka kosa mo\u017ee biti neodoljivo slatka, i vjerojatno bez obzira na modu, uvijek \u0107e biti hrabrih \u017eena koje je nose.<\/p>\n\n\n\n<p>Ispod su fotografije iz posljednjih nekoliko sezona poznatih \u017eena koje su se odlu\u010dile za kratku kosu, a najmodernije <a href=\"https:\/\/moda.covermagazin.com\/?p=25951\">frizure za kratku kosu<\/a> mo\u017eete provjeriti na linku ispod.<\/p>\n\n\n\n<figure class=\"wp-block-image alignnone size-full\"><img decoding=\"async\" src=\"https:\/\/moda.covermagazin.com\/wp-content\/uploads\/2022\/03\/kratke-frizure-za-2024-1.jpg\" alt=\"\" class=\"wp-image-50589\"\/><figcaption class=\"wp-element-caption\">Ako se po\u017eeljeli romanti\u010dnog izgleda linije postaju bla\u017ee, tako da s jednostavnim razbaru\u0161enim valovima frizuru iz sna\u017ene i dojmljive mo\u017eete pretvoriti u romanti\u010dnu i zavodljivu. Retro look sedamdesetih i romanti\u010dan stil vra\u0107aju se u modu. Valovi odgovaraju gotovo svim oblicima lica, tako se ne morate puno razmi\u0161ljati ho\u0107e li vam pristajati nova frizura. Kako je napraviti? Nakon pranja kose nanesite u\u010dvr\u0161\u010diva\u0107 za kovr\u010de, te kosu osu\u0161ite uz pomo\u0107 difuzera na su\u0161ilu za kosu, dok ne bude potpuno suha. Prstima rasporedite pramenove, te ako je potrebno poneki pramen ponovno definirajte uvija\u010dem za kosu ili peglom za kosu.<\/figcaption><\/figure>\n\n\n\n<p>&nbsp;<\/p>\n\n\n\n<figure class=\"wp-block-image alignnone size-full\"><img decoding=\"async\" src=\"https:\/\/moda.covermagazin.com\/wp-content\/uploads\/2020\/09\/kratke-frizure-a3.jpg\" alt=\"\" class=\"wp-image-50578\"\/><figcaption class=\"wp-element-caption\">Glatka kosa dobiva sasvim novu dimenziju ako izvu\u010dete par pramenova i u\u010dinite je pomalo &#8220;neurednom&#8221;. Tih par pramenova su detalji koji \u010dine razliku i pretvaraju izgled instantno u atraktivan.<\/figcaption><\/figure>\n\n\n\n<p>&nbsp;<\/p>\n\n\n\n<figure class=\"wp-block-image alignnone size-full\"><img decoding=\"async\" src=\"https:\/\/moda.covermagazin.com\/wp-content\/uploads\/2024\/06\/Moderne-KRATKE-FRIZURE-1.jpg\" alt=\"\" class=\"wp-image-49369\"\/><figcaption class=\"wp-element-caption\">Razbaru\u0161ena kosa, ponovno je u trendu. Za pravljenje ovakve frizure dovoljni su vam prsti i malo gela za kosu koji \u0107e u\u010dvrstiti pramenove, i pomo\u0107i da stoje na onom mjestu gdje ste vi zamislili.<\/figcaption><\/figure>\n\n\n\n<p>&nbsp;<\/p>\n\n\n\n<figure class=\"wp-block-image alignnone size-full\"><img decoding=\"async\" src=\"https:\/\/moda.covermagazin.com\/wp-content\/uploads\/2024\/11\/kratke-frizure-2024-cover.jpg\" alt=\"\" class=\"wp-image-50570\"\/><figcaption class=\"wp-element-caption\">Dje\u010da\u010dki kratka kosa &#8220;neurednih&#8221; linija pretvorit \u0107e vas u neodoljivu slatkicu.<\/figcaption><\/figure>\n\n\n\n<p>&nbsp;<\/p>\n\n\n\n<figure class=\"wp-block-image alignnone size-full is-resized\"><img decoding=\"async\" src=\"https:\/\/moda.covermagazin.com\/wp-content\/uploads\/2024\/06\/Moderne-KRATKE-FRIZURE-3.jpg\" alt=\"\" class=\"wp-image-49367\" style=\"width:644px;height:auto\"\/><figcaption class=\"wp-element-caption\">Pod\u0161i\u0161ana kraka kosa je za hrabrije \u017eene, kojima ne treba tu\u0111e odobravanje. <\/figcaption><\/figure>\n\n\n\n<p>Vezano:<\/p>\n\n\n\n<figure class=\"wp-block-embed is-type-wp-embed is-provider-moda wp-block-embed-moda\"><div class=\"wp-block-embed__wrapper\">\n<blockquote class=\"wp-embedded-content\" data-secret=\"Zgils7ymGF\"><a href=\"https:\/\/moda.covermagazin.com\/?p=25951\">Frizure za kratku kosu &#8211; 5 modernih ideja<\/a><\/blockquote><iframe loading=\"lazy\" class=\"wp-embedded-content\" sandbox=\"allow-scripts\" security=\"restricted\" style=\"position: absolute; visibility: hidden;\" title=\"&#8220;Frizure za kratku kosu &#8211; 5 modernih ideja&#8221; &#8212; Moda\" src=\"https:\/\/moda.covermagazin.com\/?p=25951&#038;embed=true#?secret=lgEtLmwEfr#?secret=Zgils7ymGF\" data-secret=\"Zgils7ymGF\" width=\"500\" height=\"282\" frameborder=\"0\" marginwidth=\"0\" marginheight=\"0\" scrolling=\"no\"><\/iframe>\n<\/div><\/figure>\n","protected":false},"excerpt":{"rendered":"<p>&nbsp; Kako modernizirati kratku kosu i u\u010diniti izgled atraktivnijim Obi\u010dno se kratka kosa poistovje\u0107uje sa sna\u017enim \u017eenama koje&nbsp; previ\u0161e ne zanima seksipil i romantika. Michelle Williams&nbsp; je nakon \u0161to se o\u0161i\u0161ala izjavila da se samo njenim prijateljicama svi\u0111a kratka kosa, a ni jednom mu\u0161karcu. Me\u0111utim, ako nosite kratku kosu vjerojatno znate da to nije u [&hellip;]<\/p>\n","protected":false},"author":1,"featured_media":0,"comment_status":"open","ping_status":"open","sticky":false,"template":"","format":"standard","meta":{"footnotes":""},"categories":[4,1043],"tags":[1085,1111,1192,1213,1196],"class_list":["post-18986","post","type-post","status-publish","format-standard","hentry","category-frizure_poznatih","category-moda-2018","tag-frizure","tag-izgled","tag-kratka-kosa","tag-kratke-frizure","tag-moderne-kratke-frizure"],"_links":{"self":[{"href":"https:\/\/moda.covermagazin.com\/index.php?rest_route=\/wp\/v2\/posts\/18986","targetHints":{"allow":["GET"]}}],"collection":[{"href":"https:\/\/moda.covermagazin.com\/index.php?rest_route=\/wp\/v2\/posts"}],"about":[{"href":"https:\/\/moda.covermagazin.com\/index.php?rest_route=\/wp\/v2\/types\/post"}],"author":[{"embeddable":true,"href":"https:\/\/moda.covermagazin.com\/index.php?rest_route=\/wp\/v2\/users\/1"}],"replies":[{"embeddable":true,"href":"https:\/\/moda.covermagazin.com\/index.php?rest_route=%2Fwp%2Fv2%2Fcomments&post=18986"}],"version-history":[{"count":9,"href":"https:\/\/moda.covermagazin.com\/index.php?rest_route=\/wp\/v2\/posts\/18986\/revisions"}],"predecessor-version":[{"id":50638,"href":"https:\/\/moda.covermagazin.com\/index.php?rest_route=\/wp\/v2\/posts\/18986\/revisions\/50638"}],"wp:attachment":[{"href":"https:\/\/moda.covermagazin.com\/index.php?rest_route=%2Fwp%2Fv2%2Fmedia&parent=18986"}],"wp:term":[{"taxonomy":"category","embeddable":true,"href":"https:\/\/moda.covermagazin.com\/index.php?rest_route=%2Fwp%2Fv2%2Fcategories&post=18986"},{"taxonomy":"post_tag","embeddable":true,"href":"https:\/\/moda.covermagazin.com\/index.php?rest_route=%2Fwp%2Fv2%2Ftags&post=18986"}],"curies":[{"name":"wp","href":"https:\/\/api.w.org\/{rel}","templated":true}]}}