{"id":18885,"date":"2022-01-17T10:39:11","date_gmt":"2022-01-17T08:39:11","guid":{"rendered":"http:\/\/moda.covermagazin.com\/?p=18885"},"modified":"2024-09-30T21:33:29","modified_gmt":"2024-09-30T19:33:29","slug":"znakovi-da-trebate-promijeniti-frizuru","status":"publish","type":"post","link":"https:\/\/moda.covermagazin.com\/?p=18885","title":{"rendered":"Znakovi da trebate promijeniti frizuru"},"content":{"rendered":"\n<figure class=\"wp-block-image size-full\"><img decoding=\"async\" src=\"https:\/\/moda.covermagazin.com\/wp-content\/uploads\/2022\/01\/Kada-promijeniti-frizuru.jpg\" alt=\"Kada promijeniti frizuru \" class=\"wp-image-39576\"\/><\/figure>\n\n\n\n<h2 class=\"wp-block-heading\">Znakovi da trebate promijeniti frizuru<\/h2>\n\n\n\n<p>Nije lako prihvatiti promjenu ni kada sama do\u0111e, a odlu\u010diti se na promjenu jo\u0161 je te\u017ee.&nbsp; Ipak postoje neki znakovi koji nam sugeriraju da je promjena frizure neizbje\u017ena.<\/p>\n\n\n\n<p><strong>-1- Tanka kosa<\/strong> \u2013 \u0160to zbog godina, \u0161to zbog tretmana kojima svakodnevno tretiramo svoju kosu, ona s vremenom mijenja svoju strukturu, pa nam ne\u0107e dugi niz godina stajati ista frizura. Ako se va\u0161a kosa stanjila i ne izgleda bujno kao nekad vjerojatno \u0107ete novoj strukturi morati prilagoditi novu frizuru<\/p>\n\n\n\n<p><strong>-2- Izgledate starije nego \u0161to jeste<\/strong> \u2013 Ako se ljudi ponekad znaju iznenaditi koliko imate godina, mo\u017eda se zamka krije u frizuri. Svje\u017ea frizura mo\u017ee vam pomo\u0107i da vratite mladoliki izgled.<\/p>\n\n\n\n<p><strong>-3- Va\u0161a kosa izgleda nezdravo<\/strong> \u2013 Iako konstantno primje\u0107ujete ispucale vrhove, te preparati za njegu vi\u0161e ne poma\u017eu vrijeme je za promjenu frizure uz koju \u0107e va\u0161a kosa izgledati zdravije.<\/p>\n\n\n\n<p><strong>-4- Treba vam sve du\u017ee vremena da biste namjestili frizuru i izgledali dobro &#8211;\u00a0<\/strong> Ako ste ranije puno br\u017ee namje\u0161tali frizuru to je signal da va\u0161a frizura vi\u0161e ne odgovara va\u0161oj strukturi kose ili stilu \u017eivota.<\/p>\n\n\n\n<h2 class=\"wp-block-heading\">Kada promijeniti frizuru <\/h2>\n\n\n\n<p>Osim o\u010ditih znakova da trebate promijeniti frizura koji su nabrojeni iznad, \u017eene se \u010desto odlu\u010duju na promjenu frizure samo radi promjene i jo\u0161 nekih razloga nabrojenih ispod koji nemaju puno veze sa stanjem kose.<\/p>\n\n\n\n<ul class=\"wp-block-list\"><li>Neke \u017eene vole promjenu. Promjena frizure mo\u017ee biti osvje\u017eavaju\u0107a i dati dosta novog samopouzdanja. Neka istra\u017eivanja su otkrila kako se u Velikoj Britaniji \u017eene odlu\u010de za promjenu frizure 104 puta tijekom \u017eivota. Jeste li ve\u0107 nadma\u0161ili tu brojku?<\/li><li>Transformacija imid\u017ea. U top pet razloga za promjenom frizure je \u017eelja za novim po\u010detkom. \u010cesto se frizura mijenja nakon prekida, preseljenja, promjene posla ili nekih drugih \u017eivotnih okolnosti.<\/li><li>Za prihva\u0107anje nove perspektive. Nova frizura mo\u017ee promijeniti va\u0161 pogled na svijet. I sami znate da je te\u0161ko imati dobar dan kada vam je frizura lo\u0161a, ali vrijedi i obrnuto. Te\u0161ko je imati lo\u0161 dan, kada vam je frizura odli\u010dna.<\/li><\/ul>\n","protected":false},"excerpt":{"rendered":"<p>Znakovi da trebate promijeniti frizuru Nije lako prihvatiti promjenu ni kada sama do\u0111e, a odlu\u010diti se na promjenu jo\u0161 je te\u017ee.&nbsp; Ipak postoje neki znakovi koji nam sugeriraju da je promjena frizure neizbje\u017ena. -1- Tanka kosa \u2013 \u0160to zbog godina, \u0161to zbog tretmana kojima svakodnevno tretiramo svoju kosu, ona s vremenom mijenja svoju strukturu, pa [&hellip;]<\/p>\n","protected":false},"author":1,"featured_media":0,"comment_status":"open","ping_status":"open","sticky":false,"template":"","format":"standard","meta":{"footnotes":""},"categories":[4,1043],"tags":[1085],"class_list":["post-18885","post","type-post","status-publish","format-standard","hentry","category-frizure_poznatih","category-moda-2018","tag-frizure"],"_links":{"self":[{"href":"https:\/\/moda.covermagazin.com\/index.php?rest_route=\/wp\/v2\/posts\/18885","targetHints":{"allow":["GET"]}}],"collection":[{"href":"https:\/\/moda.covermagazin.com\/index.php?rest_route=\/wp\/v2\/posts"}],"about":[{"href":"https:\/\/moda.covermagazin.com\/index.php?rest_route=\/wp\/v2\/types\/post"}],"author":[{"embeddable":true,"href":"https:\/\/moda.covermagazin.com\/index.php?rest_route=\/wp\/v2\/users\/1"}],"replies":[{"embeddable":true,"href":"https:\/\/moda.covermagazin.com\/index.php?rest_route=%2Fwp%2Fv2%2Fcomments&post=18885"}],"version-history":[{"count":6,"href":"https:\/\/moda.covermagazin.com\/index.php?rest_route=\/wp\/v2\/posts\/18885\/revisions"}],"predecessor-version":[{"id":48726,"href":"https:\/\/moda.covermagazin.com\/index.php?rest_route=\/wp\/v2\/posts\/18885\/revisions\/48726"}],"wp:attachment":[{"href":"https:\/\/moda.covermagazin.com\/index.php?rest_route=%2Fwp%2Fv2%2Fmedia&parent=18885"}],"wp:term":[{"taxonomy":"category","embeddable":true,"href":"https:\/\/moda.covermagazin.com\/index.php?rest_route=%2Fwp%2Fv2%2Fcategories&post=18885"},{"taxonomy":"post_tag","embeddable":true,"href":"https:\/\/moda.covermagazin.com\/index.php?rest_route=%2Fwp%2Fv2%2Ftags&post=18885"}],"curies":[{"name":"wp","href":"https:\/\/api.w.org\/{rel}","templated":true}]}}