{"id":18716,"date":"2013-12-06T09:40:45","date_gmt":"2013-12-06T07:40:45","guid":{"rendered":"http:\/\/moda.covermagazin.com\/?p=18716"},"modified":"2024-09-30T22:47:26","modified_gmt":"2024-09-30T20:47:26","slug":"zimski-it-komad-pletenina-s-yamamay-potpisom","status":"publish","type":"post","link":"https:\/\/moda.covermagazin.com\/?p=18716","title":{"rendered":"Zimski it-komad &#8211; pletenina s Yamamay potpisom"},"content":{"rendered":"<h3><a href=\"http:\/\/moda.covermagazin.com\/wp-content\/uploads\/2013\/12\/YAMAMAY-Chiara-Baschetti11442.jpg\"><img loading=\"lazy\" decoding=\"async\" alt=\"Ilica 23, Zagreb, Yamamay\" src=\"http:\/\/moda.covermagazin.com\/wp-content\/uploads\/2013\/12\/YAMAMAY-Chiara-Baschetti11442.jpg\" width=\"329\" height=\"448\" \/><\/a><\/h3>\n<h3>Zimski it-komad &#8211; pletenina s Yamamay potpisom<\/h3>\n<p>Spreman za jesen i zimu, Yamamay je iznenadio svoje vjerne obo\u017eavateljice o\u010daravaju\u0107om kolekcijom pletenine koja obuhva\u0107a veste, haljine i najtra\u017eeniji predmet&#8230;tajice, koje dolaze u cool uzorcima i bojama!<\/p>\n<p>Dizajnirana za hladne mjesece, Yamamay linija pletenine povezuje klasi\u010dne stilove s da\u0161kom modernog. Jednostavne i profinjene haljine kombiniraju cvjetne uzorke i ko\u017ene detalje &#8211; dva trendi dodatka va\u0161oj garderobi za jesen i zimu. Plus veste koje ne mogu pro\u0107i nezapa\u017eeno i bluze u upe\u010datljivim nijansama zbog kojih \u0107ete zaboraviti zimsko sivilo. Tajice pridaju da\u0161ak sjaja: te su jo\u0161 jedan dodatak kojim mo\u017eete obogatiti vlastitu garderobu.<\/p>\n<p><a href=\"http:\/\/moda.covermagazin.com\/wp-content\/uploads\/2013\/12\/YAMAMAY-Chiara-Baschetti10454.jpg\"><img loading=\"lazy\" decoding=\"async\" class=\"alignnone size-full wp-image-18717\" alt=\"Ilica 23, Zagreb, Yamamay\" src=\"http:\/\/moda.covermagazin.com\/wp-content\/uploads\/2013\/12\/YAMAMAY-Chiara-Baschetti10454.jpg\" width=\"299\" height=\"448\" \/><\/a><\/p>\n<p><a href=\"http:\/\/moda.covermagazin.com\/wp-content\/uploads\/2013\/12\/YAMAMAY-Chiara-Baschetti10555.jpg\"><img loading=\"lazy\" decoding=\"async\" class=\"alignnone size-full wp-image-18718\" alt=\"Ilica 23, Zagreb, Yamamay\" src=\"http:\/\/moda.covermagazin.com\/wp-content\/uploads\/2013\/12\/YAMAMAY-Chiara-Baschetti10555.jpg\" width=\"299\" height=\"448\" \/><\/a><\/p>\n<p><a href=\"http:\/\/moda.covermagazin.com\/wp-content\/uploads\/2013\/12\/YAMAMAY-Chiara-Baschetti10657-1.jpg\"><img loading=\"lazy\" decoding=\"async\" class=\"alignnone size-full wp-image-18719\" alt=\"Ilica 23, Zagreb, Yamamay\" src=\"http:\/\/moda.covermagazin.com\/wp-content\/uploads\/2013\/12\/YAMAMAY-Chiara-Baschetti10657-1.jpg\" width=\"299\" height=\"448\" \/><\/a><\/p>\n<p><a href=\"http:\/\/moda.covermagazin.com\/wp-content\/uploads\/2013\/12\/YAMAMAY-Chiara-Baschetti10700.jpg\"><img loading=\"lazy\" decoding=\"async\" class=\"alignnone size-full wp-image-18720\" alt=\"Ilica 23, Zagreb, Yamamay\" src=\"http:\/\/moda.covermagazin.com\/wp-content\/uploads\/2013\/12\/YAMAMAY-Chiara-Baschetti10700.jpg\" width=\"299\" height=\"448\" \/><\/a><\/p>\n<p><a href=\"http:\/\/moda.covermagazin.com\/wp-content\/uploads\/2013\/12\/YAMAMAY-Chiara-Baschetti10873-1.jpg\"><img loading=\"lazy\" decoding=\"async\" class=\"alignnone size-full wp-image-18721\" alt=\"Ilica 23, Zagreb, Yamamay\" src=\"http:\/\/moda.covermagazin.com\/wp-content\/uploads\/2013\/12\/YAMAMAY-Chiara-Baschetti10873-1.jpg\" width=\"299\" height=\"448\" \/><\/a><\/p>\n<p><a href=\"http:\/\/moda.covermagazin.com\/wp-content\/uploads\/2013\/12\/YAMAMAY-Chiara-Baschetti10964.jpg\"><img loading=\"lazy\" decoding=\"async\" class=\"alignnone size-full wp-image-18722\" alt=\"Ilica 23, Zagreb, Yamamay\" src=\"http:\/\/moda.covermagazin.com\/wp-content\/uploads\/2013\/12\/YAMAMAY-Chiara-Baschetti10964.jpg\" width=\"299\" height=\"448\" \/><\/a><\/p>\n<p><a href=\"http:\/\/moda.covermagazin.com\/wp-content\/uploads\/2013\/12\/YAMAMAY-Chiara-Baschetti11023.jpg\"><img loading=\"lazy\" decoding=\"async\" class=\"alignnone size-full wp-image-18723\" alt=\"Ilica 23, Zagreb, Yamamay\" src=\"http:\/\/moda.covermagazin.com\/wp-content\/uploads\/2013\/12\/YAMAMAY-Chiara-Baschetti11023.jpg\" width=\"299\" height=\"448\" \/><\/a><\/p>\n<p><a href=\"http:\/\/moda.covermagazin.com\/wp-content\/uploads\/2013\/12\/YAMAMAY-Chiara-Baschetti11181.jpg\"><img loading=\"lazy\" decoding=\"async\" class=\"alignnone size-full wp-image-18724\" alt=\"Ilica 23, Zagreb, Yamamay\" src=\"http:\/\/moda.covermagazin.com\/wp-content\/uploads\/2013\/12\/YAMAMAY-Chiara-Baschetti11181.jpg\" width=\"299\" height=\"448\" \/><\/a><\/p>\n<p><a href=\"http:\/\/moda.covermagazin.com\/wp-content\/uploads\/2013\/12\/YAMAMAY-Chiara-Baschetti11220.jpg\"><img loading=\"lazy\" decoding=\"async\" class=\"alignnone size-full wp-image-18725\" alt=\"Ilica 23, Zagreb, Yamamay\" src=\"http:\/\/moda.covermagazin.com\/wp-content\/uploads\/2013\/12\/YAMAMAY-Chiara-Baschetti11220.jpg\" width=\"299\" height=\"448\" \/><\/a><\/p>\n<p><a href=\"http:\/\/moda.covermagazin.com\/wp-content\/uploads\/2013\/12\/YAMAMAY-Chiara-Baschetti11298.jpg\"><img loading=\"lazy\" decoding=\"async\" class=\"alignnone size-full wp-image-18726\" alt=\"Ilica 23, Zagreb, Yamamay\" src=\"http:\/\/moda.covermagazin.com\/wp-content\/uploads\/2013\/12\/YAMAMAY-Chiara-Baschetti11298.jpg\" width=\"299\" height=\"448\" \/><\/a><\/p>\n<p>&nbsp;<\/p>\n","protected":false},"excerpt":{"rendered":"<p>Zimski it-komad &#8211; pletenina s Yamamay potpisom Spreman za jesen i zimu, Yamamay je iznenadio svoje vjerne obo\u017eavateljice o\u010daravaju\u0107om kolekcijom pletenine koja obuhva\u0107a veste, haljine i najtra\u017eeniji predmet&#8230;tajice, koje dolaze u cool uzorcima i bojama! Dizajnirana za hladne mjesece, Yamamay linija pletenine povezuje klasi\u010dne stilove s da\u0161kom modernog. Jednostavne i profinjene haljine kombiniraju cvjetne uzorke [&hellip;]<\/p>\n","protected":false},"author":1,"featured_media":0,"comment_status":"open","ping_status":"open","sticky":false,"template":"","format":"standard","meta":{"footnotes":""},"categories":[114],"tags":[1139,1209,1150,1140,1151,1137,1149,1131,1148,1130],"class_list":["post-18716","post","type-post","status-publish","format-standard","hentry","category-dizajneri_modne_galerije","tag-bluze","tag-haljine","tag-helanke","tag-moderne-bluze","tag-moderne-helanke","tag-moderne-kosulje","tag-moderne-tajice","tag-moderne-veste","tag-tajice","tag-veste"],"_links":{"self":[{"href":"https:\/\/moda.covermagazin.com\/index.php?rest_route=\/wp\/v2\/posts\/18716","targetHints":{"allow":["GET"]}}],"collection":[{"href":"https:\/\/moda.covermagazin.com\/index.php?rest_route=\/wp\/v2\/posts"}],"about":[{"href":"https:\/\/moda.covermagazin.com\/index.php?rest_route=\/wp\/v2\/types\/post"}],"author":[{"embeddable":true,"href":"https:\/\/moda.covermagazin.com\/index.php?rest_route=\/wp\/v2\/users\/1"}],"replies":[{"embeddable":true,"href":"https:\/\/moda.covermagazin.com\/index.php?rest_route=%2Fwp%2Fv2%2Fcomments&post=18716"}],"version-history":[{"count":3,"href":"https:\/\/moda.covermagazin.com\/index.php?rest_route=\/wp\/v2\/posts\/18716\/revisions"}],"predecessor-version":[{"id":49001,"href":"https:\/\/moda.covermagazin.com\/index.php?rest_route=\/wp\/v2\/posts\/18716\/revisions\/49001"}],"wp:attachment":[{"href":"https:\/\/moda.covermagazin.com\/index.php?rest_route=%2Fwp%2Fv2%2Fmedia&parent=18716"}],"wp:term":[{"taxonomy":"category","embeddable":true,"href":"https:\/\/moda.covermagazin.com\/index.php?rest_route=%2Fwp%2Fv2%2Fcategories&post=18716"},{"taxonomy":"post_tag","embeddable":true,"href":"https:\/\/moda.covermagazin.com\/index.php?rest_route=%2Fwp%2Fv2%2Ftags&post=18716"}],"curies":[{"name":"wp","href":"https:\/\/api.w.org\/{rel}","templated":true}]}}