{"id":18689,"date":"2020-09-24T09:47:49","date_gmt":"2020-09-24T07:47:49","guid":{"rendered":"http:\/\/moda.covermagazin.com\/?p=18689"},"modified":"2024-09-30T18:58:55","modified_gmt":"2024-09-30T16:58:55","slug":"najmodernija-frizura-za-kratku-kosu","status":"publish","type":"post","link":"https:\/\/moda.covermagazin.com\/?p=18689","title":{"rendered":"Najmodernija frizura za kratku kosu"},"content":{"rendered":"<h3><a href=\"https:\/\/moda.covermagazin.com\/wp-content\/uploads\/2018\/05\/Frizure-za-kratku-kosu-f.jpg\"><img loading=\"lazy\" decoding=\"async\" class=\"alignnone size-full wp-image-31868\" src=\"https:\/\/moda.covermagazin.com\/wp-content\/uploads\/2018\/05\/Frizure-za-kratku-kosu-f.jpg\" alt=\"\" width=\"600\" height=\"400\" \/><\/a><\/h3>\n<h3>Najmodernija frizura za kratku kosu<\/h3>\n<p>Ove sezone dizajneri su preferirali dugu kosu, kao i poznate osobe, jer je ona dosta modernija, ali ipak, to ne zna\u010di da ako volite kratku kosu ne mo\u017eete biti moderni i izgledati odli\u010dno. Miley Cyrus ne odri\u010de se kratke kose i nosi ju savr\u0161eno. Ispod je nekoliko njenih novijih fotografija kao inspiracija za modernu kratku kosu.<\/p>\n<p>Jo\u0161 ideja za moderne <a href=\"https:\/\/moda.covermagazin.com\/?p=25951\">frizure za kratku kosu<\/a> potra\u017eite ispod.<\/p>\n<p><a href=\"https:\/\/moda.covermagazin.com\/wp-content\/uploads\/2013\/12\/Frizure-za-kratku-kosu-mc-3.jpg\"><img loading=\"lazy\" decoding=\"async\" class=\"alignnone size-full wp-image-31882\" src=\"https:\/\/moda.covermagazin.com\/wp-content\/uploads\/2013\/12\/Frizure-za-kratku-kosu-mc-3.jpg\" alt=\"\" width=\"600\" height=\"400\" \/><\/a> <a href=\"https:\/\/moda.covermagazin.com\/wp-content\/uploads\/2013\/12\/Frizure-za-kratku-kosu-mc-2.jpg\"><img loading=\"lazy\" decoding=\"async\" class=\"alignnone size-large wp-image-31883\" src=\"https:\/\/moda.covermagazin.com\/wp-content\/uploads\/2013\/12\/Frizure-za-kratku-kosu-mc-2.jpg\" alt=\"\" width=\"600\" height=\"400\" \/><\/a> <a href=\"https:\/\/moda.covermagazin.com\/wp-content\/uploads\/2013\/12\/Frizure-za-kratku-kosu-mc-1-1.jpg\"><img loading=\"lazy\" decoding=\"async\" class=\"alignnone size-large wp-image-31884\" src=\"https:\/\/moda.covermagazin.com\/wp-content\/uploads\/2013\/12\/Frizure-za-kratku-kosu-mc-1-1.jpg\" alt=\"\" width=\"600\" height=\"400\" \/><\/a><\/p>\n<blockquote class=\"wp-embedded-content\" data-secret=\"QC47F0ntvu\"><p><a href=\"https:\/\/moda.covermagazin.com\/?p=25951\">Frizure za kratku kosu &#8211; 5 modernih ideja<\/a><\/p><\/blockquote>\n<p><iframe loading=\"lazy\" class=\"wp-embedded-content\" sandbox=\"allow-scripts\" security=\"restricted\" style=\"position: absolute; clip: rect(1px, 1px, 1px, 1px);\" title=\"&#8220;Frizure za kratku kosu &#8211; 5 modernih ideja&#8221; &#8212; Moda \" src=\"https:\/\/moda.covermagazin.com\/?p=25951&#038;embed=true#?secret=9wsXzliaRU#?secret=QC47F0ntvu\" data-secret=\"QC47F0ntvu\" width=\"500\" height=\"282\" frameborder=\"0\" marginwidth=\"0\" marginheight=\"0\" scrolling=\"no\"><\/iframe><\/p>\n<p>&nbsp;<\/p>\n","protected":false},"excerpt":{"rendered":"<p>Najmodernija frizura za kratku kosu Ove sezone dizajneri su preferirali dugu kosu, kao i poznate osobe, jer je ona dosta modernija, ali ipak, to ne zna\u010di da ako volite kratku kosu ne mo\u017eete biti moderni i izgledati odli\u010dno. Miley Cyrus ne odri\u010de se kratke kose i nosi ju savr\u0161eno. Ispod je nekoliko njenih novijih fotografija [&hellip;]<\/p>\n","protected":false},"author":1,"featured_media":0,"comment_status":"open","ping_status":"open","sticky":false,"template":"","format":"standard","meta":{"footnotes":""},"categories":[4],"tags":[1080,1192,1213,1196],"class_list":["post-18689","post","type-post","status-publish","format-standard","hentry","category-frizure_poznatih","tag-frizure-2016","tag-kratka-kosa","tag-kratke-frizure","tag-moderne-kratke-frizure"],"_links":{"self":[{"href":"https:\/\/moda.covermagazin.com\/index.php?rest_route=\/wp\/v2\/posts\/18689","targetHints":{"allow":["GET"]}}],"collection":[{"href":"https:\/\/moda.covermagazin.com\/index.php?rest_route=\/wp\/v2\/posts"}],"about":[{"href":"https:\/\/moda.covermagazin.com\/index.php?rest_route=\/wp\/v2\/types\/post"}],"author":[{"embeddable":true,"href":"https:\/\/moda.covermagazin.com\/index.php?rest_route=\/wp\/v2\/users\/1"}],"replies":[{"embeddable":true,"href":"https:\/\/moda.covermagazin.com\/index.php?rest_route=%2Fwp%2Fv2%2Fcomments&post=18689"}],"version-history":[{"count":5,"href":"https:\/\/moda.covermagazin.com\/index.php?rest_route=\/wp\/v2\/posts\/18689\/revisions"}],"predecessor-version":[{"id":48458,"href":"https:\/\/moda.covermagazin.com\/index.php?rest_route=\/wp\/v2\/posts\/18689\/revisions\/48458"}],"wp:attachment":[{"href":"https:\/\/moda.covermagazin.com\/index.php?rest_route=%2Fwp%2Fv2%2Fmedia&parent=18689"}],"wp:term":[{"taxonomy":"category","embeddable":true,"href":"https:\/\/moda.covermagazin.com\/index.php?rest_route=%2Fwp%2Fv2%2Fcategories&post=18689"},{"taxonomy":"post_tag","embeddable":true,"href":"https:\/\/moda.covermagazin.com\/index.php?rest_route=%2Fwp%2Fv2%2Ftags&post=18689"}],"curies":[{"name":"wp","href":"https:\/\/api.w.org\/{rel}","templated":true}]}}