{"id":18478,"date":"2013-11-13T21:22:37","date_gmt":"2013-11-13T19:22:37","guid":{"rendered":"http:\/\/moda.covermagazin.com\/?p=18478"},"modified":"2020-06-08T18:49:31","modified_gmt":"2020-06-08T16:49:31","slug":"sve-je-spremno-za-dreft-fashion-weeka-zagreb-koji-se-odrzava-sljedeci-tjedan","status":"publish","type":"post","link":"https:\/\/moda.covermagazin.com\/?p=18478","title":{"rendered":"Sve je spremno za Dreft Fashion Weeka Zagreb koji se odr\u017eava sljede\u0107i tjedan"},"content":{"rendered":"<h3><a href=\"http:\/\/moda.covermagazin.com\/wp-content\/uploads\/2013\/11\/DFWZ-RASPORED.jpg\"><img loading=\"lazy\" decoding=\"async\" class=\"alignnone size-full wp-image-18501\" alt=\"Dreft Fashion Weeka Zagreb 20.-23.11. u Hypo Centru\" src=\"http:\/\/moda.covermagazin.com\/wp-content\/uploads\/2013\/11\/DFWZ-RASPORED.jpg\" width=\"420\" height=\"336\" \/><\/a><\/h3>\n<h3>Sve je spremno za Dreft Fashion Weeka Zagreb koji se odr\u017eava sljede\u0107i tjedan<\/h3>\n<p>U Gold Classu Cinestara u Zagrebu odr\u017eano je predstavljanje svih dizajnera te svih aktivnosti povodom nadolaze\u0107eg Dreft Fashion Weeka Zagreb koji \u0107e se odr\u017eati sljede\u0107i tjedan od 20.-23.11. u Hypo Centru.<\/p>\n<p><a href=\"http:\/\/moda.covermagazin.com\/wp-content\/uploads\/2013\/11\/MG_5590.jpg\"><img loading=\"lazy\" decoding=\"async\" class=\"alignnone size-full wp-image-18497\" alt=\"_MG_5590\" src=\"http:\/\/moda.covermagazin.com\/wp-content\/uploads\/2013\/11\/MG_5590.jpg\" width=\"448\" height=\"299\" \/><\/a><\/p>\n<p><a href=\"http:\/\/moda.covermagazin.com\/wp-content\/uploads\/2013\/11\/MG_5531.jpg\"><img loading=\"lazy\" decoding=\"async\" class=\"alignnone size-full wp-image-18481\" alt=\"_MG_5531\" src=\"http:\/\/moda.covermagazin.com\/wp-content\/uploads\/2013\/11\/MG_5531.jpg\" width=\"448\" height=\"299\" \/><\/a><\/p>\n<p><a href=\"http:\/\/moda.covermagazin.com\/wp-content\/uploads\/2013\/11\/MG_5488.jpg\"><img loading=\"lazy\" decoding=\"async\" class=\"alignnone size-full wp-image-18480\" alt=\"_MG_5488\" src=\"http:\/\/moda.covermagazin.com\/wp-content\/uploads\/2013\/11\/MG_5488.jpg\" width=\"448\" height=\"299\" \/><\/a><\/p>\n<p><a href=\"http:\/\/moda.covermagazin.com\/wp-content\/uploads\/2013\/11\/MG_5469.jpg\"><img loading=\"lazy\" decoding=\"async\" class=\"alignnone size-full wp-image-18479\" alt=\"_MG_5469\" src=\"http:\/\/moda.covermagazin.com\/wp-content\/uploads\/2013\/11\/MG_5469.jpg\" width=\"448\" height=\"299\" \/><\/a><\/p>\n<p>Ove sezone \u010deka nas uzbudljiv program, kako doma\u0107ih tako i stranih kolekcija, za sljede\u0107e prolje\u0107e\/ljeto koji je najavila direktorica Dreft Fashion Weeka Zagreb, Sarah Josipovi\u0107. Prema njenim rije\u010dima, \u010dekaju nas \u010detiri uzbudljiva revijalna modna dana prepuna zanimljivih modnih iznena\u0111enja.<\/p>\n<p><a href=\"http:\/\/moda.covermagazin.com\/wp-content\/uploads\/2013\/11\/MG_5542.jpg\"><img loading=\"lazy\" decoding=\"async\" class=\"alignnone size-full wp-image-18484\" alt=\"_MG_5542\" src=\"http:\/\/moda.covermagazin.com\/wp-content\/uploads\/2013\/11\/MG_5542.jpg\" width=\"448\" height=\"299\" \/><\/a><\/p>\n<p><a href=\"http:\/\/moda.covermagazin.com\/wp-content\/uploads\/2013\/11\/MG_5540.jpg\"><img loading=\"lazy\" decoding=\"async\" class=\"alignnone size-full wp-image-18483\" alt=\"_MG_5540\" src=\"http:\/\/moda.covermagazin.com\/wp-content\/uploads\/2013\/11\/MG_5540.jpg\" width=\"448\" height=\"299\" \/><\/a><\/p>\n<p><a href=\"http:\/\/moda.covermagazin.com\/wp-content\/uploads\/2013\/11\/MG_5555.jpg\"><img loading=\"lazy\" decoding=\"async\" class=\"size-full wp-image-18486 alignleft\" alt=\"_MG_5555\" src=\"http:\/\/moda.covermagazin.com\/wp-content\/uploads\/2013\/11\/MG_5555.jpg\" width=\"299\" height=\"448\" \/><\/a>Dreft Fashion Week Zagreb otvara se revijom S.dressa, popularne doma\u0107e modne ku\u0107e za kojom luduju sve doma\u0107e fashionistice, a \u010dija je autorica Lana Biondi\u0107. Unato\u010d tome \u0161to glavne adute \u010duva za kraj, Lana je otkrila kako je jako uzbu\u0111ena \u0161to \u0107e svoj brand po prvi puta predstaviti upravo na Dreft Fashion Weeku Zagreb te da priprema pravi spektakl za pam\u0107enje: &#8220;Prikazati \u0107u kolekciju za nadolaze\u0107e prolje\u0107e\/ljeto 2014 pod imenom &#8216;silhouette &amp; decolletes&#8217; koja je nastavak dosada\u0161njih kolekcija bon-ton chic haljina, a uz tu kolekciju, inaugurirat \u0107u i dva pod-branda: S.body koji obuhva\u0107a kolekciju prete\u017eito bez-\u0161avnog ultra shape donjeg rublja te S.beach, tako\u0111er veliku novost u na\u0161em programu koja se bazira na izrazito fashion kolekciji kupa\u0107ih kostima i beach-weara op\u0107enito. Tre\u0107a poslastica u S.dress novostima, nova je kolekcija S.defile koju razvijam za zapadna tr\u017ei\u0161ta Europe, kao i SAD-a gdje su vrlo duge i sexy haljine mog branda apsolutno tra\u017eeni hit, posebice od kada se za njega interesiraju filmske glumice i poznate li\u010dnosti s izrazitom potrebom za takvim dress-code-om.<\/p>\n<p><a href=\"http:\/\/moda.covermagazin.com\/wp-content\/uploads\/2013\/11\/MG_5605.jpg\"><img loading=\"lazy\" decoding=\"async\" class=\"alignnone size-full wp-image-18499\" alt=\"_MG_5605\" src=\"http:\/\/moda.covermagazin.com\/wp-content\/uploads\/2013\/11\/MG_5605.jpg\" width=\"448\" height=\"299\" \/><\/a><\/p>\n<p>Svoje revije na ovosezonskom Dreft Fashion Weeku Zagreb predstaviti \u0107e i dizajnerica Simone Manojlovi\u0107 koja je otkrila kako je nakon \u0161kolovanja u Milanu svoju novu kolekciju do\u0161la predstaviti na DFWZ-u gdje je i zapo\u010dela njena karijera i gdje se osje\u0107a kao kod ku\u0107e. Po prvi put ikada svoju \u0107e reviju odr\u017eati i pro\u0161losezonske pobjednice Dreft Next Generation natje\u010daja, Mirjam Krajina i Ana-Marija Kralj koje u budu\u0107nosti planiraju nastupati pod brandom Kralj&amp;Krajina, a koje su priznale da su vrlo uzbu\u0111ene povodom svoje prve revije. Iggy Popovi\u0107 otkrio je kako ove sezone svojom kolekcijom slavi 20 godina svoje modne marke Iggy \u010dime nas vra\u0107a u legendarne osamdesete.<\/p>\n<p><a href=\"http:\/\/moda.covermagazin.com\/wp-content\/uploads\/2013\/11\/MG_5575.jpg\"><img loading=\"lazy\" decoding=\"async\" class=\"alignnone size-full wp-image-18493\" alt=\"_MG_5575\" src=\"http:\/\/moda.covermagazin.com\/wp-content\/uploads\/2013\/11\/MG_5575.jpg\" width=\"448\" height=\"299\" \/><\/a><\/p>\n<p>Dizajnerica Natalija Smogor ove \u0107e se sezone predstaviti sa senzualnom i elegantnom \u017eenskom kolekcijom, a tu je i povratnica Arti\u0111ana koja ove sezone nastupa s Kristinom Fazini\u0107 koja radi torbe pod nazivom Bags by Kristina. Arti\u0111ana je najavila kako se u novoj kolekciji kao i uvijek poigrava dekontrukcijom i najavljuje jo\u0161 jednu zanimljivu avangardnu pri\u010du. Njena kolegica, kreativna Spli\u0107anka Ana Kujund\u017ei\u0107 za dekonstrukciju ve\u0107 se specijalizirala, a Dubrov\u010danka Zjena Glamo\u010daninin u ovoj kolekciji inspirirana je umjetno\u0161\u0107u.<\/p>\n<p><img loading=\"lazy\" decoding=\"async\" class=\"alignnone\" title=\"Dreft Fashion Weeka Zagreb 20.-23.11. u Hypo Centru\" alt=\"Dreft Fashion Weeka Zagreb 20.-23.11. u Hypo Centru\" src=\"http:\/\/moda.covermagazin.com\/wp-content\/uploads\/2013\/11\/MG_5592.jpg\" width=\"448\" height=\"299\" \/><\/p>\n<p>Zlo\u010desti de\u010dko modne scene, Toni Rico o svojoj kolekciji rekao je samo da ga je inspirirala dr\u017eava koja je u kurcu, dok je njegova kolegica Ivana Popovi\u0107 otkrila kako je moda zanima samo kao ne\u0161to \u0161to istra\u017euje s aspekta umjetnosti i \u010demu pristupa kao i svojim skulpturama.<\/p>\n<p><a href=\"http:\/\/moda.covermagazin.com\/wp-content\/uploads\/2013\/11\/MG_5562.jpg\"><img loading=\"lazy\" decoding=\"async\" class=\"size-full wp-image-18488 alignleft\" alt=\"Dreft Fashion Weeka Zagreb 20.-23.11. u Hypo Centru\" src=\"http:\/\/moda.covermagazin.com\/wp-content\/uploads\/2013\/11\/MG_5562.jpg\" width=\"299\" height=\"448\" \/><\/a>Po prvi puta, na DFWZ-u predstaviti \u0107e se i Marija Cvitanovi\u0107 koja se krije iza modnog branda Marka, a koja \u0107e svojom revijom zatvoriti ovosezonsko izdanje Dreft Fashion Weeka Zagreb. Marija je najavila i zaokret u svojoj tre\u0107oj kolekciji te izjavila kako su je za kolekciju inspirale njezine sestre: &#8220;S obzirom da nas tri sestre imamo potpuno razli\u010dite stilove, po\u017eeljela stvoriti haljine koje bi nosila svaka od nas tri, pritom ne odustaju\u0107i od onog najva\u017enijeg, \u017eenstvenosti.&#8221;<\/p>\n<p>Direktorica DFWZ-a, Sarah Josipovi\u0107 najavila je i strane goste koji su redom poznata dizajnerska modna imena koja svoje kolekcije predstavljaju na Londonskom i Pari\u0161kom tjednu mode, a odijevaju zvijezde poput Beyonce, Lady Gage i Alicie Keys. Tako \u0107e zagreba\u010dku modnu scenu svojim kolekcijama za s\/s &#8216; 14 obogatiti Georgia Hardinge, dizajnerica \u010diji se modeli nose i na reviji Victoria Secreta, miljenice Anne Wintour modna marka Hemyca, miljenica Lady Gage Kitty Joseph te popularni londonski urbani brandovi Phannatiq i Tramp in disguise. Posebna zanimljivost u programu je revija londonske modne ku\u0107e Zagrep\u010danke Vjere Vili\u010dnik, jedine Hrvatice koja se samostalno predstavila u slu\u017ebenom rasporedu londonskog tjedna mode, a koja \u0107e tako\u0111er po prvi puta predstaviti svojoj doma\u0107oj publici s obzirom da svoju modnu ku\u0107u razvija u Londonu.<\/p>\n<p>&nbsp;<\/p>\n","protected":false},"excerpt":{"rendered":"<p>Sve je spremno za Dreft Fashion Weeka Zagreb koji se odr\u017eava sljede\u0107i tjedan U Gold Classu Cinestara u Zagrebu odr\u017eano je predstavljanje svih dizajnera te svih aktivnosti povodom nadolaze\u0107eg Dreft Fashion Weeka Zagreb koji \u0107e se odr\u017eati sljede\u0107i tjedan od 20.-23.11. u Hypo Centru. Ove sezone \u010deka nas uzbudljiv program, kako doma\u0107ih tako i stranih [&hellip;]<\/p>\n","protected":false},"author":1,"featured_media":0,"comment_status":"open","ping_status":"open","sticky":false,"template":"","format":"standard","meta":{"footnotes":""},"categories":[6],"tags":[1159,1110,1160,1209,1127,1208,1161],"class_list":["post-18478","post","type-post","status-publish","format-standard","hentry","category-modna_dogadjanja","tag-dizajnerske-haljine","tag-duge-haljine","tag-dvodjelni-kupaci-kostimi","tag-haljine","tag-haljine-za-ljeto","tag-maxi-haljine","tag-moderni-dvodjelni-kupaci-kostimi"],"_links":{"self":[{"href":"https:\/\/moda.covermagazin.com\/index.php?rest_route=\/wp\/v2\/posts\/18478","targetHints":{"allow":["GET"]}}],"collection":[{"href":"https:\/\/moda.covermagazin.com\/index.php?rest_route=\/wp\/v2\/posts"}],"about":[{"href":"https:\/\/moda.covermagazin.com\/index.php?rest_route=\/wp\/v2\/types\/post"}],"author":[{"embeddable":true,"href":"https:\/\/moda.covermagazin.com\/index.php?rest_route=\/wp\/v2\/users\/1"}],"replies":[{"embeddable":true,"href":"https:\/\/moda.covermagazin.com\/index.php?rest_route=%2Fwp%2Fv2%2Fcomments&post=18478"}],"version-history":[{"count":9,"href":"https:\/\/moda.covermagazin.com\/index.php?rest_route=\/wp\/v2\/posts\/18478\/revisions"}],"predecessor-version":[{"id":28414,"href":"https:\/\/moda.covermagazin.com\/index.php?rest_route=\/wp\/v2\/posts\/18478\/revisions\/28414"}],"wp:attachment":[{"href":"https:\/\/moda.covermagazin.com\/index.php?rest_route=%2Fwp%2Fv2%2Fmedia&parent=18478"}],"wp:term":[{"taxonomy":"category","embeddable":true,"href":"https:\/\/moda.covermagazin.com\/index.php?rest_route=%2Fwp%2Fv2%2Fcategories&post=18478"},{"taxonomy":"post_tag","embeddable":true,"href":"https:\/\/moda.covermagazin.com\/index.php?rest_route=%2Fwp%2Fv2%2Ftags&post=18478"}],"curies":[{"name":"wp","href":"https:\/\/api.w.org\/{rel}","templated":true}]}}