{"id":18326,"date":"2020-09-17T13:44:00","date_gmt":"2020-09-17T11:44:00","guid":{"rendered":"http:\/\/moda.covermagazin.com\/?p=18326"},"modified":"2024-09-30T22:47:18","modified_gmt":"2024-09-30T20:47:18","slug":"odlicna-hm-kolekcija-za-zimu","status":"publish","type":"post","link":"https:\/\/moda.covermagazin.com\/?p=18326","title":{"rendered":"Odli\u010dna H&#038;M kolekcija za zimu 2020\/2021."},"content":{"rendered":"<h3><a href=\"https:\/\/moda.covermagazin.com\/wp-content\/uploads\/2013\/10\/Odli\u010dna-HM-kolekcija-za-zimu-0.jpg\"><img loading=\"lazy\" decoding=\"async\" class=\"alignnone size-full wp-image-31886\" src=\"https:\/\/moda.covermagazin.com\/wp-content\/uploads\/2013\/10\/Odli\u010dna-HM-kolekcija-za-zimu-0.jpg\" alt=\"\" width=\"600\" height=\"400\" \/><\/a><\/h3>\n<h3>Odli\u010dna H&amp;M kolekcija za zimu<\/h3>\n<p>Najnovija kolekcija koju je predstavio ovaj \u0161vedski brand zaista je odli\u010dna. Boemski stil u modernoj varijanti omogu\u0107ava svakoj osobi da prona\u0111e za sebe ne\u0161to u ovoj kolekciji.<\/p>\n<p><a href=\"https:\/\/moda.covermagazin.com\/wp-content\/uploads\/2013\/10\/Odli\u010dna-HM-kolekcija-za-zimu-1.jpg\"><img loading=\"lazy\" decoding=\"async\" class=\"alignnone size-full wp-image-31887\" src=\"https:\/\/moda.covermagazin.com\/wp-content\/uploads\/2013\/10\/Odli\u010dna-HM-kolekcija-za-zimu-1.jpg\" alt=\"\" width=\"500\" height=\"750\" \/><\/a> <a href=\"https:\/\/moda.covermagazin.com\/wp-content\/uploads\/2013\/10\/Odli\u010dna-HM-kolekcija-za-zimu-2.jpg\"><img loading=\"lazy\" decoding=\"async\" class=\"alignnone size-large wp-image-31888\" src=\"https:\/\/moda.covermagazin.com\/wp-content\/uploads\/2013\/10\/Odli\u010dna-HM-kolekcija-za-zimu-2.jpg\" alt=\"\" width=\"500\" height=\"750\" \/><\/a> <a href=\"https:\/\/moda.covermagazin.com\/wp-content\/uploads\/2013\/10\/Odli\u010dna-HM-kolekcija-za-zimu-3.jpg\"><img loading=\"lazy\" decoding=\"async\" class=\"alignnone size-large wp-image-31889\" src=\"https:\/\/moda.covermagazin.com\/wp-content\/uploads\/2013\/10\/Odli\u010dna-HM-kolekcija-za-zimu-3.jpg\" alt=\"\" width=\"500\" height=\"750\" \/><\/a> <a href=\"https:\/\/moda.covermagazin.com\/wp-content\/uploads\/2013\/10\/Odli\u010dna-HM-kolekcija-za-zimu-4.jpg\"><img loading=\"lazy\" decoding=\"async\" class=\"alignnone size-large wp-image-31890\" src=\"https:\/\/moda.covermagazin.com\/wp-content\/uploads\/2013\/10\/Odli\u010dna-HM-kolekcija-za-zimu-4.jpg\" alt=\"\" width=\"500\" height=\"750\" \/><\/a> <a href=\"https:\/\/moda.covermagazin.com\/wp-content\/uploads\/2013\/10\/Odli\u010dna-HM-kolekcija-za-zimu-5.jpg\"><img loading=\"lazy\" decoding=\"async\" class=\"alignnone size-large wp-image-31891\" src=\"https:\/\/moda.covermagazin.com\/wp-content\/uploads\/2013\/10\/Odli\u010dna-HM-kolekcija-za-zimu-5.jpg\" alt=\"\" width=\"500\" height=\"846\" \/><\/a> <a href=\"https:\/\/moda.covermagazin.com\/wp-content\/uploads\/2013\/10\/Odli\u010dna-HM-kolekcija-za-zimu-6.jpg\"><img loading=\"lazy\" decoding=\"async\" class=\"alignnone size-large wp-image-31892\" src=\"https:\/\/moda.covermagazin.com\/wp-content\/uploads\/2013\/10\/Odli\u010dna-HM-kolekcija-za-zimu-6.jpg\" alt=\"\" width=\"500\" height=\"750\" \/><\/a> <a href=\"https:\/\/moda.covermagazin.com\/wp-content\/uploads\/2013\/10\/Odli\u010dna-HM-kolekcija-za-zimu-7.jpg\"><img loading=\"lazy\" decoding=\"async\" class=\"alignnone size-large wp-image-31893\" src=\"https:\/\/moda.covermagazin.com\/wp-content\/uploads\/2013\/10\/Odli\u010dna-HM-kolekcija-za-zimu-7.jpg\" alt=\"\" width=\"500\" height=\"750\" \/><\/a><\/p>\n<p>Pro\u010ditajte ii:<\/p>\n<blockquote class=\"wp-embedded-content\" data-secret=\"4eCMFJpGWv\"><p><a href=\"https:\/\/moda.covermagazin.com\/?p=13706\">H&#038;M  \u2013 haljine za jesen &#8211; zimu 2021\/22.<\/a><\/p><\/blockquote>\n<p><iframe loading=\"lazy\" class=\"wp-embedded-content\" sandbox=\"allow-scripts\" security=\"restricted\" style=\"position: absolute; visibility: hidden;\" title=\"&#8220;H&#038;M  \u2013 haljine za jesen &#8211; zimu 2021\/22.&#8221; &#8212; Moda \" src=\"https:\/\/moda.covermagazin.com\/?p=13706&#038;embed=true#?secret=RD0MF94oqW#?secret=4eCMFJpGWv\" data-secret=\"4eCMFJpGWv\" width=\"500\" height=\"282\" frameborder=\"0\" marginwidth=\"0\" marginheight=\"0\" scrolling=\"no\"><\/iframe><\/p>\n","protected":false},"excerpt":{"rendered":"<p>Odli\u010dna H&amp;M kolekcija za zimu Najnovija kolekcija koju je predstavio ovaj \u0161vedski brand zaista je odli\u010dna. Boemski stil u modernoj varijanti omogu\u0107ava svakoj osobi da prona\u0111e za sebe ne\u0161to u ovoj kolekciji. Pro\u010ditajte ii: H&#038;M \u2013 haljine za jesen &#8211; zimu 2021\/22.<\/p>\n","protected":false},"author":1,"featured_media":0,"comment_status":"open","ping_status":"open","sticky":false,"template":"","format":"standard","meta":{"footnotes":""},"categories":[114],"tags":[1139,1220,1140],"class_list":["post-18326","post","type-post","status-publish","format-standard","hentry","category-dizajneri_modne_galerije","tag-bluze","tag-moda-jesen-zima-2020-2021","tag-moderne-bluze"],"_links":{"self":[{"href":"https:\/\/moda.covermagazin.com\/index.php?rest_route=\/wp\/v2\/posts\/18326","targetHints":{"allow":["GET"]}}],"collection":[{"href":"https:\/\/moda.covermagazin.com\/index.php?rest_route=\/wp\/v2\/posts"}],"about":[{"href":"https:\/\/moda.covermagazin.com\/index.php?rest_route=\/wp\/v2\/types\/post"}],"author":[{"embeddable":true,"href":"https:\/\/moda.covermagazin.com\/index.php?rest_route=\/wp\/v2\/users\/1"}],"replies":[{"embeddable":true,"href":"https:\/\/moda.covermagazin.com\/index.php?rest_route=%2Fwp%2Fv2%2Fcomments&post=18326"}],"version-history":[{"count":5,"href":"https:\/\/moda.covermagazin.com\/index.php?rest_route=\/wp\/v2\/posts\/18326\/revisions"}],"predecessor-version":[{"id":49000,"href":"https:\/\/moda.covermagazin.com\/index.php?rest_route=\/wp\/v2\/posts\/18326\/revisions\/49000"}],"wp:attachment":[{"href":"https:\/\/moda.covermagazin.com\/index.php?rest_route=%2Fwp%2Fv2%2Fmedia&parent=18326"}],"wp:term":[{"taxonomy":"category","embeddable":true,"href":"https:\/\/moda.covermagazin.com\/index.php?rest_route=%2Fwp%2Fv2%2Fcategories&post=18326"},{"taxonomy":"post_tag","embeddable":true,"href":"https:\/\/moda.covermagazin.com\/index.php?rest_route=%2Fwp%2Fv2%2Ftags&post=18326"}],"curies":[{"name":"wp","href":"https:\/\/api.w.org\/{rel}","templated":true}]}}