{"id":17986,"date":"2020-09-15T13:04:53","date_gmt":"2020-09-15T11:04:53","guid":{"rendered":"http:\/\/moda.covermagazin.com\/?p=17986"},"modified":"2024-10-07T09:39:25","modified_gmt":"2024-10-07T07:39:25","slug":"moderna-poslovna-odjeca","status":"publish","type":"post","link":"https:\/\/moda.covermagazin.com\/?p=17986","title":{"rendered":"Moderna poslovna odje\u0107a za jesen i zimu 2021."},"content":{"rendered":"<h3><a href=\"https:\/\/moda.covermagazin.com\/wp-content\/uploads\/2013\/10\/Moderna-poslovna-odje\u0107a-za-jesen-i-zimu-0.jpg\"><img loading=\"lazy\" decoding=\"async\" class=\"alignnone size-full wp-image-31592\" src=\"https:\/\/moda.covermagazin.com\/wp-content\/uploads\/2013\/10\/Moderna-poslovna-odje\u0107a-za-jesen-i-zimu-0.jpg\" alt=\"\" width=\"600\" height=\"400\" \/><\/a><\/h3>\n<h3>Moderna poslovna odje\u0107a za jesen i zimu 2021.<\/h3>\n<p>Iako se poslovna odje\u0107a ne mijenja puno, svaka sezona donosi nove trendove i novi stil u poslovnu modu.<\/p>\n<p>Ove sezone klasi\u010dna poslovna odje\u0107a je ponovo u trendu, pa \u0107ete mo\u017eda osjetiti kako je va\u0161a kreativnost malo sputana, ali \u0107ete izgledati profesionalnije i elegantnije nego proteklih godina.<\/p>\n<p>Va\u0161i \u0161efovi \u0107e sigurno biti sretni zbog ovog modnog pomaka, a uz ovakav poslovni stil, mo\u017eete o\u010dekivati i promaknu\u0107e. Izgled \u0107e o vama govoriti da ste sposobna profesionalna osoba, a zra\u010dit \u0107ete i autoritetom.<\/p>\n<p>Svoju razigranu stranu mo\u017eete pokazati haljinama i kaputima. Ove sezone moderne su klasi\u010dna crna i sme\u0111a, te crvena, ljubi\u010dasta, modra i naran\u010dasto-\u017euta.<\/p>\n<p>Inspiraciju potra\u017eite u BOSS lookovima za jesen i zimu 2021:<\/p>\n<p><a href=\"https:\/\/moda.covermagazin.com\/wp-content\/uploads\/2020\/09\/Moderna-poslovna-odje\u0107a-za-jesen-i-zimu-1.jpg\"><img loading=\"lazy\" decoding=\"async\" class=\"alignnone size-full wp-image-31594\" src=\"https:\/\/moda.covermagazin.com\/wp-content\/uploads\/2020\/09\/Moderna-poslovna-odje\u0107a-za-jesen-i-zimu-1.jpg\" alt=\"\" width=\"500\" height=\"759\" \/><\/a> <a href=\"https:\/\/moda.covermagazin.com\/wp-content\/uploads\/2020\/09\/Moderna-poslovna-odje\u0107a-za-jesen-i-zimu-2.jpg\"><img loading=\"lazy\" decoding=\"async\" class=\"alignnone size-large wp-image-31595\" src=\"https:\/\/moda.covermagazin.com\/wp-content\/uploads\/2020\/09\/Moderna-poslovna-odje\u0107a-za-jesen-i-zimu-2.jpg\" alt=\"\" width=\"500\" height=\"626\" \/><\/a> <a href=\"https:\/\/moda.covermagazin.com\/wp-content\/uploads\/2020\/09\/Moderna-poslovna-odje\u0107a-za-jesen-i-zimu-3.jpg\"><img loading=\"lazy\" decoding=\"async\" class=\"alignnone size-large wp-image-31596\" src=\"https:\/\/moda.covermagazin.com\/wp-content\/uploads\/2020\/09\/Moderna-poslovna-odje\u0107a-za-jesen-i-zimu-3.jpg\" alt=\"\" width=\"500\" height=\"758\" \/><\/a> <a href=\"https:\/\/moda.covermagazin.com\/wp-content\/uploads\/2020\/09\/Moderna-poslovna-odje\u0107a-za-jesen-i-zimu-4.jpg\"><img loading=\"lazy\" decoding=\"async\" class=\"alignnone size-large wp-image-31597\" src=\"https:\/\/moda.covermagazin.com\/wp-content\/uploads\/2020\/09\/Moderna-poslovna-odje\u0107a-za-jesen-i-zimu-4.jpg\" alt=\"\" width=\"500\" height=\"758\" \/><\/a> <a href=\"https:\/\/moda.covermagazin.com\/wp-content\/uploads\/2020\/09\/Moderna-poslovna-odje\u0107a-za-jesen-i-zimu-5.jpg\"><img loading=\"lazy\" decoding=\"async\" class=\"alignnone size-large wp-image-31598\" src=\"https:\/\/moda.covermagazin.com\/wp-content\/uploads\/2020\/09\/Moderna-poslovna-odje\u0107a-za-jesen-i-zimu-5.jpg\" alt=\"\" width=\"500\" height=\"758\" \/><\/a> <a href=\"https:\/\/moda.covermagazin.com\/wp-content\/uploads\/2020\/09\/Moderna-poslovna-odje\u0107a-za-jesen-i-zimu-6.jpg\"><img loading=\"lazy\" decoding=\"async\" class=\"alignnone size-large wp-image-31599\" src=\"https:\/\/moda.covermagazin.com\/wp-content\/uploads\/2020\/09\/Moderna-poslovna-odje\u0107a-za-jesen-i-zimu-6.jpg\" alt=\"\" width=\"500\" height=\"758\" \/><\/a> <a href=\"https:\/\/moda.covermagazin.com\/wp-content\/uploads\/2020\/09\/Moderna-poslovna-odje\u0107a-za-jesen-i-zimu-7.jpg\"><img loading=\"lazy\" decoding=\"async\" class=\"alignnone size-large wp-image-31600\" src=\"https:\/\/moda.covermagazin.com\/wp-content\/uploads\/2020\/09\/Moderna-poslovna-odje\u0107a-za-jesen-i-zimu-7.jpg\" alt=\"\" width=\"500\" height=\"758\" \/><\/a><\/p>\n<p><a href=\"https:\/\/moda.covermagazin.com\/wp-content\/uploads\/2020\/09\/Moderna-poslovna-odje\u0107a-za-jesen-i-zimu-8.jpg\"><img loading=\"lazy\" decoding=\"async\" class=\"alignnone size-full wp-image-31602\" src=\"https:\/\/moda.covermagazin.com\/wp-content\/uploads\/2020\/09\/Moderna-poslovna-odje\u0107a-za-jesen-i-zimu-8.jpg\" alt=\"\" width=\"500\" height=\"758\" \/><\/a><\/p>\n","protected":false},"excerpt":{"rendered":"<p>Moderna poslovna odje\u0107a za jesen i zimu 2021. Iako se poslovna odje\u0107a ne mijenja puno, svaka sezona donosi nove trendove i novi stil u poslovnu modu. Ove sezone klasi\u010dna poslovna odje\u0107a je ponovo u trendu, pa \u0107ete mo\u017eda osjetiti kako je va\u0161a kreativnost malo sputana, ali \u0107ete izgledati profesionalnije i elegantnije nego proteklih godina. Va\u0161i [&hellip;]<\/p>\n","protected":false},"author":1,"featured_media":0,"comment_status":"open","ping_status":"open","sticky":false,"template":"","format":"standard","meta":{"footnotes":""},"categories":[7],"tags":[1139,1104,1141,1330,1220,1090,1140,1142,1109,1115,1211,1212,1114],"class_list":["post-17986","post","type-post","status-publish","format-standard","hentry","category-poslovna_kombinacija_tjedna","tag-bluze","tag-kaputi","tag-majice","tag-moda-jesen","tag-moda-jesen-zima-2020-2021","tag-moda-za-ured","tag-moderne-bluze","tag-moderne-majice","tag-moderni-kaputi","tag-moderni-sakoi","tag-poslovna-moda","tag-poslovna-odjeca-za-zena","tag-sakoi"],"_links":{"self":[{"href":"https:\/\/moda.covermagazin.com\/index.php?rest_route=\/wp\/v2\/posts\/17986","targetHints":{"allow":["GET"]}}],"collection":[{"href":"https:\/\/moda.covermagazin.com\/index.php?rest_route=\/wp\/v2\/posts"}],"about":[{"href":"https:\/\/moda.covermagazin.com\/index.php?rest_route=\/wp\/v2\/types\/post"}],"author":[{"embeddable":true,"href":"https:\/\/moda.covermagazin.com\/index.php?rest_route=\/wp\/v2\/users\/1"}],"replies":[{"embeddable":true,"href":"https:\/\/moda.covermagazin.com\/index.php?rest_route=%2Fwp%2Fv2%2Fcomments&post=17986"}],"version-history":[{"count":10,"href":"https:\/\/moda.covermagazin.com\/index.php?rest_route=\/wp\/v2\/posts\/17986\/revisions"}],"predecessor-version":[{"id":48630,"href":"https:\/\/moda.covermagazin.com\/index.php?rest_route=\/wp\/v2\/posts\/17986\/revisions\/48630"}],"wp:attachment":[{"href":"https:\/\/moda.covermagazin.com\/index.php?rest_route=%2Fwp%2Fv2%2Fmedia&parent=17986"}],"wp:term":[{"taxonomy":"category","embeddable":true,"href":"https:\/\/moda.covermagazin.com\/index.php?rest_route=%2Fwp%2Fv2%2Fcategories&post=17986"},{"taxonomy":"post_tag","embeddable":true,"href":"https:\/\/moda.covermagazin.com\/index.php?rest_route=%2Fwp%2Fv2%2Ftags&post=17986"}],"curies":[{"name":"wp","href":"https:\/\/api.w.org\/{rel}","templated":true}]}}