{"id":17915,"date":"2020-09-19T14:35:41","date_gmt":"2020-09-19T12:35:41","guid":{"rendered":"http:\/\/moda.covermagazin.com\/?p=17915"},"modified":"2024-09-22T13:37:59","modified_gmt":"2024-09-22T11:37:59","slug":"moderne-pidzame-jesen-zima-20132014","status":"publish","type":"post","link":"https:\/\/moda.covermagazin.com\/?p=17915","title":{"rendered":"Moderne pid\u017eame jesen-zima"},"content":{"rendered":"<h3><a href=\"https:\/\/moda.covermagazin.com\/wp-content\/uploads\/2013\/10\/Moderne-pid\u017eame-jesen-zima-0.jpg\"><img loading=\"lazy\" decoding=\"async\" class=\"alignnone size-full wp-image-32152\" src=\"https:\/\/moda.covermagazin.com\/wp-content\/uploads\/2013\/10\/Moderne-pid\u017eame-jesen-zima-0.jpg\" alt=\"\" width=\"600\" height=\"400\" \/><\/a><\/h3>\n<h3>Moderne pid\u017eame jesen-zima<\/h3>\n<p>Moderne pid\u017eame ve\u0107 odavno nisu pid\u017eame koje li\u010de na dje\u010dju odje\u0107u. Iako su i dalje mnogima takve pid\u017eame prvi izbor. Modeli variraju od tajica do \u0161irokog donjeg dijela, dok gornji dio sve vi\u0161e podsje\u0107a na majice ili sportsku odje\u0107u.<\/p>\n<p>Ovo se samo neke od modernih \u017eenskih pid\u017eama u sezoni jesen i zima:<\/p>\n<h3>Moderne pid\u017eame jesen-zima &#8211; Victoria&#8217;s Secret:<\/h3>\n<p><a href=\"https:\/\/moda.covermagazin.com\/wp-content\/uploads\/2013\/10\/Moderne-pid\u017eame-jesen-zima-1.jpg\"><img loading=\"lazy\" decoding=\"async\" class=\"alignnone size-full wp-image-32126\" src=\"https:\/\/moda.covermagazin.com\/wp-content\/uploads\/2013\/10\/Moderne-pid\u017eame-jesen-zima-1.jpg\" alt=\"\" width=\"500\" height=\"666\" \/><\/a> <a href=\"https:\/\/moda.covermagazin.com\/wp-content\/uploads\/2013\/10\/Moderne-pid\u017eame-jesen-zima-2.jpg\"><img loading=\"lazy\" decoding=\"async\" class=\"alignnone size-large wp-image-32127\" src=\"https:\/\/moda.covermagazin.com\/wp-content\/uploads\/2013\/10\/Moderne-pid\u017eame-jesen-zima-2.jpg\" alt=\"\" width=\"500\" height=\"666\" \/><\/a> <a href=\"https:\/\/moda.covermagazin.com\/wp-content\/uploads\/2013\/10\/Moderne-pid\u017eame-jesen-zima-3.jpg\"><img loading=\"lazy\" decoding=\"async\" class=\"alignnone size-large wp-image-32128\" src=\"https:\/\/moda.covermagazin.com\/wp-content\/uploads\/2013\/10\/Moderne-pid\u017eame-jesen-zima-3.jpg\" alt=\"\" width=\"500\" height=\"666\" \/><\/a> <a href=\"https:\/\/moda.covermagazin.com\/wp-content\/uploads\/2013\/10\/Moderne-pid\u017eame-jesen-zima-4.jpg\"><img loading=\"lazy\" decoding=\"async\" class=\"alignnone size-large wp-image-32129\" src=\"https:\/\/moda.covermagazin.com\/wp-content\/uploads\/2013\/10\/Moderne-pid\u017eame-jesen-zima-4.jpg\" alt=\"\" width=\"500\" height=\"666\" \/><\/a><\/p>\n<p>&nbsp;<\/p>\n<h3>Moderne pid\u017eame jesen-zima 2020\/20121. H&amp;M:<\/h3>\n<p><a href=\"https:\/\/moda.covermagazin.com\/wp-content\/uploads\/2013\/10\/Moderne-pid\u017eame-jesen-zima-11.jpg\"><img loading=\"lazy\" decoding=\"async\" class=\"alignnone size-full wp-image-32142\" src=\"https:\/\/moda.covermagazin.com\/wp-content\/uploads\/2013\/10\/Moderne-pid\u017eame-jesen-zima-11.jpg\" alt=\"\" width=\"500\" height=\"750\" \/><\/a> <a href=\"https:\/\/moda.covermagazin.com\/wp-content\/uploads\/2013\/10\/Moderne-pid\u017eame-jesen-zima-12.jpg\"><img loading=\"lazy\" decoding=\"async\" class=\"alignnone size-large wp-image-32143\" src=\"https:\/\/moda.covermagazin.com\/wp-content\/uploads\/2013\/10\/Moderne-pid\u017eame-jesen-zima-12.jpg\" alt=\"\" width=\"500\" height=\"750\" \/><\/a> <a href=\"https:\/\/moda.covermagazin.com\/wp-content\/uploads\/2013\/10\/Moderne-pid\u017eame-jesen-zima-13.jpg\"><img loading=\"lazy\" decoding=\"async\" class=\"alignnone size-large wp-image-32144\" src=\"https:\/\/moda.covermagazin.com\/wp-content\/uploads\/2013\/10\/Moderne-pid\u017eame-jesen-zima-13.jpg\" alt=\"\" width=\"500\" height=\"750\" \/><\/a> <a href=\"https:\/\/moda.covermagazin.com\/wp-content\/uploads\/2013\/10\/Moderne-pid\u017eame-jesen-zima-14.jpg\"><img loading=\"lazy\" decoding=\"async\" class=\"alignnone size-large wp-image-32145\" src=\"https:\/\/moda.covermagazin.com\/wp-content\/uploads\/2013\/10\/Moderne-pid\u017eame-jesen-zima-14.jpg\" alt=\"\" width=\"500\" height=\"750\" \/><\/a> <a href=\"https:\/\/moda.covermagazin.com\/wp-content\/uploads\/2013\/10\/Moderne-pid\u017eame-jesen-zima-15.jpg\"><img loading=\"lazy\" decoding=\"async\" class=\"alignnone size-large wp-image-32146\" src=\"https:\/\/moda.covermagazin.com\/wp-content\/uploads\/2013\/10\/Moderne-pid\u017eame-jesen-zima-15.jpg\" alt=\"\" width=\"500\" height=\"750\" \/><\/a><\/p>\n<h3>Moderne pid\u017eame jesen-zima 2020\/20121. &#8211;\u00a0Tezenis:<\/h3>\n<p><a href=\"https:\/\/moda.covermagazin.com\/wp-content\/uploads\/2013\/10\/Moderne-pid\u017eame-jesen-zima-21.jpg\"><img loading=\"lazy\" decoding=\"async\" class=\"alignnone size-full wp-image-32147\" src=\"https:\/\/moda.covermagazin.com\/wp-content\/uploads\/2013\/10\/Moderne-pid\u017eame-jesen-zima-21.jpg\" alt=\"\" width=\"500\" height=\"750\" \/><\/a> <a href=\"https:\/\/moda.covermagazin.com\/wp-content\/uploads\/2013\/10\/Moderne-pid\u017eame-jesen-zima-22.jpg\"><img loading=\"lazy\" decoding=\"async\" class=\"alignnone size-large wp-image-32148\" src=\"https:\/\/moda.covermagazin.com\/wp-content\/uploads\/2013\/10\/Moderne-pid\u017eame-jesen-zima-22.jpg\" alt=\"\" width=\"500\" height=\"750\" \/><\/a> <a href=\"https:\/\/moda.covermagazin.com\/wp-content\/uploads\/2013\/10\/Moderne-pid\u017eame-jesen-zima-23.jpg\"><img loading=\"lazy\" decoding=\"async\" class=\"alignnone size-large wp-image-32149\" src=\"https:\/\/moda.covermagazin.com\/wp-content\/uploads\/2013\/10\/Moderne-pid\u017eame-jesen-zima-23.jpg\" alt=\"\" width=\"500\" height=\"750\" \/><\/a> <a href=\"https:\/\/moda.covermagazin.com\/wp-content\/uploads\/2013\/10\/Moderne-pid\u017eame-jesen-zima-24.jpg\"><img loading=\"lazy\" decoding=\"async\" class=\"alignnone size-large wp-image-32150\" src=\"https:\/\/moda.covermagazin.com\/wp-content\/uploads\/2013\/10\/Moderne-pid\u017eame-jesen-zima-24.jpg\" alt=\"\" width=\"500\" height=\"750\" \/><\/a> <a href=\"https:\/\/moda.covermagazin.com\/wp-content\/uploads\/2013\/10\/Moderne-pid\u017eame-jesen-zima-25.jpg\"><img loading=\"lazy\" decoding=\"async\" class=\"alignnone size-large wp-image-32151\" src=\"https:\/\/moda.covermagazin.com\/wp-content\/uploads\/2013\/10\/Moderne-pid\u017eame-jesen-zima-25.jpg\" alt=\"\" width=\"500\" height=\"750\" \/><\/a><\/p>\n","protected":false},"excerpt":{"rendered":"<p>Moderne pid\u017eame jesen-zima Moderne pid\u017eame ve\u0107 odavno nisu pid\u017eame koje li\u010de na dje\u010dju odje\u0107u. Iako su i dalje mnogima takve pid\u017eame prvi izbor. Modeli variraju od tajica do \u0161irokog donjeg dijela, dok gornji dio sve vi\u0161e podsje\u0107a na majice ili sportsku odje\u0107u. Ovo se samo neke od modernih \u017eenskih pid\u017eama u sezoni jesen i zima: [&hellip;]<\/p>\n","protected":false},"author":3,"featured_media":0,"comment_status":"open","ping_status":"open","sticky":false,"template":"","format":"standard","meta":{"footnotes":""},"categories":[3],"tags":[1141,1248,1142,1186],"class_list":["post-17915","post","type-post","status-publish","format-standard","hentry","category-modni_trendovi","tag-majice","tag-moda-jesen-zima","tag-moderne-majice","tag-sportska-odjeca"],"_links":{"self":[{"href":"https:\/\/moda.covermagazin.com\/index.php?rest_route=\/wp\/v2\/posts\/17915","targetHints":{"allow":["GET"]}}],"collection":[{"href":"https:\/\/moda.covermagazin.com\/index.php?rest_route=\/wp\/v2\/posts"}],"about":[{"href":"https:\/\/moda.covermagazin.com\/index.php?rest_route=\/wp\/v2\/types\/post"}],"author":[{"embeddable":true,"href":"https:\/\/moda.covermagazin.com\/index.php?rest_route=\/wp\/v2\/users\/3"}],"replies":[{"embeddable":true,"href":"https:\/\/moda.covermagazin.com\/index.php?rest_route=%2Fwp%2Fv2%2Fcomments&post=17915"}],"version-history":[{"count":7,"href":"https:\/\/moda.covermagazin.com\/index.php?rest_route=\/wp\/v2\/posts\/17915\/revisions"}],"predecessor-version":[{"id":33283,"href":"https:\/\/moda.covermagazin.com\/index.php?rest_route=\/wp\/v2\/posts\/17915\/revisions\/33283"}],"wp:attachment":[{"href":"https:\/\/moda.covermagazin.com\/index.php?rest_route=%2Fwp%2Fv2%2Fmedia&parent=17915"}],"wp:term":[{"taxonomy":"category","embeddable":true,"href":"https:\/\/moda.covermagazin.com\/index.php?rest_route=%2Fwp%2Fv2%2Fcategories&post=17915"},{"taxonomy":"post_tag","embeddable":true,"href":"https:\/\/moda.covermagazin.com\/index.php?rest_route=%2Fwp%2Fv2%2Ftags&post=17915"}],"curies":[{"name":"wp","href":"https:\/\/api.w.org\/{rel}","templated":true}]}}