{"id":17265,"date":"2020-09-17T12:46:31","date_gmt":"2020-09-17T10:46:31","guid":{"rendered":"http:\/\/moda.covermagazin.com\/?p=17265"},"modified":"2024-10-05T13:33:08","modified_gmt":"2024-10-05T11:33:08","slug":"najmodernije-cizme-za-zimu","status":"publish","type":"post","link":"https:\/\/moda.covermagazin.com\/?p=17265","title":{"rendered":"Najmodernije \u010dizme za zimu"},"content":{"rendered":"<h3><a href=\"https:\/\/moda.covermagazin.com\/wp-content\/uploads\/2013\/09\/moderne-\u010dizme.jpg\"><img loading=\"lazy\" decoding=\"async\" class=\"alignnone size-full wp-image-31722\" src=\"https:\/\/moda.covermagazin.com\/wp-content\/uploads\/2013\/09\/moderne-\u010dizme.jpg\" alt=\"\" width=\"600\" height=\"400\" \/><\/a><\/h3>\n<h3>Najmodernije \u010dizme za zimu<\/h3>\n<p>Iako vam vjerojatno u komodi za obu\u0107u jo\u0161 uvijek stoje sandale i ljetne cipele, vrijedi znati kakve \u010dizme gledati u du\u0107anima. Ove sezone najizra\u017eeniji trend kada se radi o \u010dizmama su \u010dizme do iznad koljena. Prednost ovih \u010dizama je \u0161to dolaze u toliko raznovrsnim stilovima da \u0107e se sigurno mo\u0107i nositi uz haljine, suknje, uske traperice i u mnogim drugim kombinacijama.<\/p>\n<p>Mo\u017eda su najbolji odabir ove \u010dizme u neutralnoj boji, jer ako se odlu\u010dite za crni, sivi ili sme\u0111i par kvalitetnih dubokih \u010dizama, bezbri\u017eni ste nekoliko sljede\u0107ih godina.<\/p>\n<figure id=\"attachment_31723\" aria-describedby=\"caption-attachment-31723\" style=\"width: 500px\" class=\"wp-caption alignnone\"><a href=\"https:\/\/moda.covermagazin.com\/wp-content\/uploads\/2013\/09\/Christian-Louboutin.jpg\"><img loading=\"lazy\" decoding=\"async\" class=\"size-full wp-image-31723\" src=\"https:\/\/moda.covermagazin.com\/wp-content\/uploads\/2013\/09\/Christian-Louboutin.jpg\" alt=\"\" width=\"500\" height=\"625\" \/><\/a><figcaption id=\"caption-attachment-31723\" class=\"wp-caption-text\">Christian Louboutin<\/figcaption><\/figure>\n<figure id=\"attachment_31724\" aria-describedby=\"caption-attachment-31724\" style=\"width: 500px\" class=\"wp-caption alignnone\"><a href=\"https:\/\/moda.covermagazin.com\/wp-content\/uploads\/2013\/09\/Saint-Laurent-2.jpg\"><img loading=\"lazy\" decoding=\"async\" class=\"size-full wp-image-31724\" src=\"https:\/\/moda.covermagazin.com\/wp-content\/uploads\/2013\/09\/Saint-Laurent-2.jpg\" alt=\"\" width=\"500\" height=\"632\" \/><\/a><figcaption id=\"caption-attachment-31724\" class=\"wp-caption-text\">Saint Laurent<\/figcaption><\/figure>\n<figure id=\"attachment_31725\" aria-describedby=\"caption-attachment-31725\" style=\"width: 500px\" class=\"wp-caption alignnone\"><a href=\"https:\/\/moda.covermagazin.com\/wp-content\/uploads\/2013\/09\/Saint-Laurent-3.jpg\"><img loading=\"lazy\" decoding=\"async\" class=\"size-full wp-image-31725\" src=\"https:\/\/moda.covermagazin.com\/wp-content\/uploads\/2013\/09\/Saint-Laurent-3.jpg\" alt=\"\" width=\"500\" height=\"636\" \/><\/a><figcaption id=\"caption-attachment-31725\" class=\"wp-caption-text\">Saint Laurent<\/figcaption><\/figure>\n<figure id=\"attachment_31726\" aria-describedby=\"caption-attachment-31726\" style=\"width: 500px\" class=\"wp-caption alignnone\"><a href=\"https:\/\/moda.covermagazin.com\/wp-content\/uploads\/2013\/09\/Saint-Laurent.jpg\"><img loading=\"lazy\" decoding=\"async\" class=\"size-full wp-image-31726\" src=\"https:\/\/moda.covermagazin.com\/wp-content\/uploads\/2013\/09\/Saint-Laurent.jpg\" alt=\"\" width=\"500\" height=\"625\" \/><\/a><figcaption id=\"caption-attachment-31726\" class=\"wp-caption-text\">Saint Laurent<\/figcaption><\/figure>\n<figure id=\"attachment_31727\" aria-describedby=\"caption-attachment-31727\" style=\"width: 500px\" class=\"wp-caption alignnone\"><a href=\"https:\/\/moda.covermagazin.com\/wp-content\/uploads\/2013\/09\/Stuart-Weitzman-2.jpg\"><img loading=\"lazy\" decoding=\"async\" class=\"size-full wp-image-31727\" src=\"https:\/\/moda.covermagazin.com\/wp-content\/uploads\/2013\/09\/Stuart-Weitzman-2.jpg\" alt=\"\" width=\"500\" height=\"625\" \/><\/a><figcaption id=\"caption-attachment-31727\" class=\"wp-caption-text\">Stuart Weitzman<\/figcaption><\/figure>\n<figure id=\"attachment_31728\" aria-describedby=\"caption-attachment-31728\" style=\"width: 500px\" class=\"wp-caption alignnone\"><a href=\"https:\/\/moda.covermagazin.com\/wp-content\/uploads\/2013\/09\/Stuart-Weitzman.jpg\"><img loading=\"lazy\" decoding=\"async\" class=\"size-full wp-image-31728\" src=\"https:\/\/moda.covermagazin.com\/wp-content\/uploads\/2013\/09\/Stuart-Weitzman.jpg\" alt=\"\" width=\"500\" height=\"625\" \/><\/a><figcaption id=\"caption-attachment-31728\" class=\"wp-caption-text\">Stuart Weitzman<\/figcaption><\/figure>\n<figure id=\"attachment_31729\" aria-describedby=\"caption-attachment-31729\" style=\"width: 500px\" class=\"wp-caption alignnone\"><a href=\"https:\/\/moda.covermagazin.com\/wp-content\/uploads\/2013\/09\/UGG.jpg\"><img loading=\"lazy\" decoding=\"async\" class=\"size-full wp-image-31729\" src=\"https:\/\/moda.covermagazin.com\/wp-content\/uploads\/2013\/09\/UGG.jpg\" alt=\"\" width=\"500\" height=\"625\" \/><\/a><figcaption id=\"caption-attachment-31729\" class=\"wp-caption-text\">UGG<\/figcaption><\/figure>\n<p>&nbsp;<\/p>\n<p>Pro\u010ditajte i:<\/p>\n<blockquote class=\"wp-embedded-content\" data-secret=\"sNOyzOMBIZ\"><p><a href=\"https:\/\/moda.covermagazin.com\/?p=26651\">Kompletan vodi\u010d za kupovinu &#8211;  \u010dizme za jesen &#8211; zimu 2024 \/ 2025.<\/a><\/p><\/blockquote>\n<p><iframe loading=\"lazy\" class=\"wp-embedded-content\" sandbox=\"allow-scripts\" security=\"restricted\" style=\"position: absolute; visibility: hidden;\" title=\"&#8220;Kompletan vodi\u010d za kupovinu &#8211;  \u010dizme za jesen &#8211; zimu 2024 \/ 2025.&#8221; &#8212; Moda \" src=\"https:\/\/moda.covermagazin.com\/?p=26651&#038;embed=true#?secret=oM5mdoMXFT#?secret=sNOyzOMBIZ\" data-secret=\"sNOyzOMBIZ\" width=\"500\" height=\"282\" frameborder=\"0\" marginwidth=\"0\" marginheight=\"0\" scrolling=\"no\"><\/iframe><\/p>\n","protected":false},"excerpt":{"rendered":"<p>Najmodernije \u010dizme za zimu Iako vam vjerojatno u komodi za obu\u0107u jo\u0161 uvijek stoje sandale i ljetne cipele, vrijedi znati kakve \u010dizme gledati u du\u0107anima. Ove sezone najizra\u017eeniji trend kada se radi o \u010dizmama su \u010dizme do iznad koljena. Prednost ovih \u010dizama je \u0161to dolaze u toliko raznovrsnim stilovima da \u0107e se sigurno mo\u0107i nositi [&hellip;]<\/p>\n","protected":false},"author":1,"featured_media":0,"comment_status":"open","ping_status":"open","sticky":false,"template":"","format":"standard","meta":{"footnotes":""},"categories":[3],"tags":[1095,1321,1220,1183,1182],"class_list":["post-17265","post","type-post","status-publish","format-standard","hentry","category-modni_trendovi","tag-cizme-2019","tag-hm-haljine","tag-moda-jesen-zima-2020-2021","tag-moderne-jeans-kombinacije","tag-moderne-traper-kombinacije"],"_links":{"self":[{"href":"https:\/\/moda.covermagazin.com\/index.php?rest_route=\/wp\/v2\/posts\/17265","targetHints":{"allow":["GET"]}}],"collection":[{"href":"https:\/\/moda.covermagazin.com\/index.php?rest_route=\/wp\/v2\/posts"}],"about":[{"href":"https:\/\/moda.covermagazin.com\/index.php?rest_route=\/wp\/v2\/types\/post"}],"author":[{"embeddable":true,"href":"https:\/\/moda.covermagazin.com\/index.php?rest_route=\/wp\/v2\/users\/1"}],"replies":[{"embeddable":true,"href":"https:\/\/moda.covermagazin.com\/index.php?rest_route=%2Fwp%2Fv2%2Fcomments&post=17265"}],"version-history":[{"count":6,"href":"https:\/\/moda.covermagazin.com\/index.php?rest_route=\/wp\/v2\/posts\/17265\/revisions"}],"predecessor-version":[{"id":49861,"href":"https:\/\/moda.covermagazin.com\/index.php?rest_route=\/wp\/v2\/posts\/17265\/revisions\/49861"}],"wp:attachment":[{"href":"https:\/\/moda.covermagazin.com\/index.php?rest_route=%2Fwp%2Fv2%2Fmedia&parent=17265"}],"wp:term":[{"taxonomy":"category","embeddable":true,"href":"https:\/\/moda.covermagazin.com\/index.php?rest_route=%2Fwp%2Fv2%2Fcategories&post=17265"},{"taxonomy":"post_tag","embeddable":true,"href":"https:\/\/moda.covermagazin.com\/index.php?rest_route=%2Fwp%2Fv2%2Ftags&post=17265"}],"curies":[{"name":"wp","href":"https:\/\/api.w.org\/{rel}","templated":true}]}}