{"id":17228,"date":"2013-08-22T10:40:03","date_gmt":"2013-08-22T08:40:03","guid":{"rendered":"http:\/\/moda.covermagazin.com\/?p=17228"},"modified":"2020-11-21T20:25:04","modified_gmt":"2020-11-21T18:25:04","slug":"moderne-boje-za-jesen-2013","status":"publish","type":"post","link":"https:\/\/moda.covermagazin.com\/?p=17228","title":{"rendered":"Moderne boje za jesen"},"content":{"rendered":"<h3><a href=\"http:\/\/moda.covermagazin.com\/wp-content\/uploads\/2013\/08\/moderne-boje-f.jpg\"><img loading=\"lazy\" decoding=\"async\" class=\"alignnone size-full wp-image-17229\" src=\"http:\/\/moda.covermagazin.com\/wp-content\/uploads\/2013\/08\/moderne-boje-f.jpg\" alt=\"moderne-boje-f\" width=\"420\" height=\"380\" \/><\/a><\/h3>\n<h3>Moderne boje za jesen<\/h3>\n<p>Nova sezona donosi mogu\u0107nost izra\u017eavanja pravog jesenskog ugo\u0111aja modernim bojama. Ideja koja se prote\u017ee kroz jesenske trendove je sofisticiranost, a to se primijeti i u bojama koje su moderne.<\/p>\n<p>Koje su boje moderne najbolje \u0107ete pretpostaviti zamislite li prirodu u jesen, te sve boje jesenskog li\u0161\u0107a, rje\u010dice i popodnevnog neba.<\/p>\n<p><a href=\"http:\/\/moda.covermagazin.com\/wp-content\/uploads\/2013\/08\/moderne-boje.jpg\"><img loading=\"lazy\" decoding=\"async\" class=\"alignnone size-full wp-image-17240\" src=\"http:\/\/moda.covermagazin.com\/wp-content\/uploads\/2013\/08\/moderne-boje.jpg\" alt=\"moderne-boje\" width=\"415\" height=\"450\" \/><\/a><\/p>\n<p><a href=\"http:\/\/moda.covermagazin.com\/wp-content\/uploads\/2013\/08\/moderne-boje-1.jpg\"><img loading=\"lazy\" decoding=\"async\" class=\"alignnone size-full wp-image-17239\" src=\"http:\/\/moda.covermagazin.com\/wp-content\/uploads\/2013\/08\/moderne-boje-1.jpg\" alt=\"moderne-boje-1\" width=\"420\" height=\"470\" \/><\/a><\/p>\n<p><a href=\"http:\/\/moda.covermagazin.com\/wp-content\/uploads\/2013\/08\/moderne-boje-2.jpg\"><img loading=\"lazy\" decoding=\"async\" class=\"alignnone size-full wp-image-17238\" src=\"http:\/\/moda.covermagazin.com\/wp-content\/uploads\/2013\/08\/moderne-boje-2.jpg\" alt=\"moderne-boje-2\" width=\"420\" height=\"470\" \/><\/a><\/p>\n<p><a href=\"http:\/\/moda.covermagazin.com\/wp-content\/uploads\/2013\/08\/moderne-boje-3.jpg\"><img loading=\"lazy\" decoding=\"async\" class=\"alignnone size-full wp-image-17237\" src=\"http:\/\/moda.covermagazin.com\/wp-content\/uploads\/2013\/08\/moderne-boje-3.jpg\" alt=\"moderne-boje-3\" width=\"420\" height=\"470\" \/><\/a><\/p>\n<p><a href=\"http:\/\/moda.covermagazin.com\/wp-content\/uploads\/2013\/08\/moderne-boje-4.jpg\"><img loading=\"lazy\" decoding=\"async\" class=\"alignnone size-full wp-image-17236\" src=\"http:\/\/moda.covermagazin.com\/wp-content\/uploads\/2013\/08\/moderne-boje-4.jpg\" alt=\"moderne-boje-4\" width=\"420\" height=\"470\" \/><\/a><\/p>\n<p><a href=\"http:\/\/moda.covermagazin.com\/wp-content\/uploads\/2013\/08\/moderne-boje-5.jpg\"><img loading=\"lazy\" decoding=\"async\" class=\"alignnone size-full wp-image-17235\" src=\"http:\/\/moda.covermagazin.com\/wp-content\/uploads\/2013\/08\/moderne-boje-5.jpg\" alt=\"moderne-boje-5\" width=\"420\" height=\"470\" \/><\/a><\/p>\n<p><a href=\"http:\/\/moda.covermagazin.com\/wp-content\/uploads\/2013\/08\/moderne-boje-6.jpg\"><img loading=\"lazy\" decoding=\"async\" class=\"alignnone size-full wp-image-17234\" src=\"http:\/\/moda.covermagazin.com\/wp-content\/uploads\/2013\/08\/moderne-boje-6.jpg\" alt=\"moderne-boje-6\" width=\"420\" height=\"470\" \/><\/a><\/p>\n<p><a href=\"http:\/\/moda.covermagazin.com\/wp-content\/uploads\/2013\/08\/moderne-boje-7.jpg\"><img loading=\"lazy\" decoding=\"async\" class=\"alignnone size-full wp-image-17233\" src=\"http:\/\/moda.covermagazin.com\/wp-content\/uploads\/2013\/08\/moderne-boje-7.jpg\" alt=\"moderne-boje-7\" width=\"420\" height=\"470\" \/><\/a><\/p>\n<p><a href=\"http:\/\/moda.covermagazin.com\/wp-content\/uploads\/2013\/08\/moderne-boje-8.jpg\"><img loading=\"lazy\" decoding=\"async\" class=\"alignnone size-full wp-image-17232\" src=\"http:\/\/moda.covermagazin.com\/wp-content\/uploads\/2013\/08\/moderne-boje-8.jpg\" alt=\"moderne-boje-8\" width=\"420\" height=\"470\" \/><\/a><\/p>\n<p><a href=\"http:\/\/moda.covermagazin.com\/wp-content\/uploads\/2013\/08\/moderne-boje-9.jpg\"><img loading=\"lazy\" decoding=\"async\" class=\"alignnone size-full wp-image-17231\" src=\"http:\/\/moda.covermagazin.com\/wp-content\/uploads\/2013\/08\/moderne-boje-9.jpg\" alt=\"moderne-boje-9\" width=\"420\" height=\"470\" \/><\/a><\/p>\n<p><a href=\"http:\/\/moda.covermagazin.com\/wp-content\/uploads\/2013\/08\/moderne-boje-10.jpg\"><img loading=\"lazy\" decoding=\"async\" class=\"alignnone size-full wp-image-17230\" src=\"http:\/\/moda.covermagazin.com\/wp-content\/uploads\/2013\/08\/moderne-boje-10.jpg\" alt=\"Moderne boje za jesen 2013.\" width=\"420\" height=\"470\" \/><\/a><\/p>\n<p>&nbsp;<\/p>\n","protected":false},"excerpt":{"rendered":"<p>Nova sezona donosi mogu\u0107nost izra\u017eavanja pravog jesenskog&#8230;<\/p>\n","protected":false},"author":1,"featured_media":0,"comment_status":"open","ping_status":"open","sticky":false,"template":"","format":"standard","meta":{"footnotes":""},"categories":[3],"tags":[],"class_list":["post-17228","post","type-post","status-publish","format-standard","hentry","category-modni_trendovi"],"_links":{"self":[{"href":"https:\/\/moda.covermagazin.com\/index.php?rest_route=\/wp\/v2\/posts\/17228","targetHints":{"allow":["GET"]}}],"collection":[{"href":"https:\/\/moda.covermagazin.com\/index.php?rest_route=\/wp\/v2\/posts"}],"about":[{"href":"https:\/\/moda.covermagazin.com\/index.php?rest_route=\/wp\/v2\/types\/post"}],"author":[{"embeddable":true,"href":"https:\/\/moda.covermagazin.com\/index.php?rest_route=\/wp\/v2\/users\/1"}],"replies":[{"embeddable":true,"href":"https:\/\/moda.covermagazin.com\/index.php?rest_route=%2Fwp%2Fv2%2Fcomments&post=17228"}],"version-history":[{"count":5,"href":"https:\/\/moda.covermagazin.com\/index.php?rest_route=\/wp\/v2\/posts\/17228\/revisions"}],"predecessor-version":[{"id":33627,"href":"https:\/\/moda.covermagazin.com\/index.php?rest_route=\/wp\/v2\/posts\/17228\/revisions\/33627"}],"wp:attachment":[{"href":"https:\/\/moda.covermagazin.com\/index.php?rest_route=%2Fwp%2Fv2%2Fmedia&parent=17228"}],"wp:term":[{"taxonomy":"category","embeddable":true,"href":"https:\/\/moda.covermagazin.com\/index.php?rest_route=%2Fwp%2Fv2%2Fcategories&post=17228"},{"taxonomy":"post_tag","embeddable":true,"href":"https:\/\/moda.covermagazin.com\/index.php?rest_route=%2Fwp%2Fv2%2Ftags&post=17228"}],"curies":[{"name":"wp","href":"https:\/\/api.w.org\/{rel}","templated":true}]}}