{"id":17095,"date":"2013-08-14T08:22:07","date_gmt":"2013-08-14T06:22:07","guid":{"rendered":"http:\/\/moda.covermagazin.com\/?p=17095"},"modified":"2024-09-30T22:04:15","modified_gmt":"2024-09-30T20:04:15","slug":"50-dizajnerskih-haljina-za-jesen","status":"publish","type":"post","link":"https:\/\/moda.covermagazin.com\/?p=17095","title":{"rendered":"50 dizajnerskih haljina za jesen"},"content":{"rendered":"<h3><a href=\"http:\/\/moda.covermagazin.com\/wp-content\/uploads\/2013\/08\/haljine-za-jesen-f.jpg\"><img loading=\"lazy\" decoding=\"async\" class=\"alignnone size-full wp-image-17115\" alt=\"haljine-za-jesen-f\" src=\"http:\/\/moda.covermagazin.com\/wp-content\/uploads\/2013\/08\/haljine-za-jesen-f.jpg\" width=\"420\" height=\"380\" \/><\/a><\/h3>\n<h3>50\u00a0dizajnerskih haljina za jesen<\/h3>\n<p>Jednostavnost linija i elegancija dominirale su u pre-fall kolekcijama poznatih svjetskih dizajnera. Krojevi se kre\u0107u od ultra \u017eenstvenih toaleta, do haljina inspiriranih mu\u0161kim odijelima. Ipak, trend koji se mo\u017ee naslutiti za sljede\u0107u sezonu je ozbiljnost linija i elegancija, s da\u0161kom gotike. Moderne boje su neutralne poput crne, plave, sme\u0111e, bijele i crvene, ili njihova kombinacija u pomalo etno ili apstraktnim uzorcima.\u00a0 Gotovo sve haljine Elie Saab imaju tanki sme\u0111i ili zlatni remen, \u0161to tako\u0111er daje naslutiti kako \u0107e se haljine kombinirati s modnim dodacima.<\/p>\n<p>&nbsp;<\/p>\n<h5>Elie Saab haljine za jesen 2013.<\/h5>\n<p>&nbsp;<\/p>\n<p><a href=\"http:\/\/moda.covermagazin.com\/wp-content\/uploads\/2013\/08\/haljine-za-jesen-5.jpg\"><img loading=\"lazy\" decoding=\"async\" class=\"alignnone size-full wp-image-17096\" alt=\"haljine-za-jesen-5\" src=\"http:\/\/moda.covermagazin.com\/wp-content\/uploads\/2013\/08\/haljine-za-jesen-5.jpg\" width=\"620\" height=\"465\" \/><\/a><\/p>\n<p><a href=\"http:\/\/moda.covermagazin.com\/wp-content\/uploads\/2013\/08\/haljine-za-jesen-4.jpg\"><img loading=\"lazy\" decoding=\"async\" class=\"alignnone size-full wp-image-17097\" alt=\"haljine-za-jesen-4\" src=\"http:\/\/moda.covermagazin.com\/wp-content\/uploads\/2013\/08\/haljine-za-jesen-4.jpg\" width=\"620\" height=\"465\" \/><\/a><\/p>\n<p><a href=\"http:\/\/moda.covermagazin.com\/wp-content\/uploads\/2013\/08\/haljine-za-jesen-3.jpg\"><img loading=\"lazy\" decoding=\"async\" class=\"alignnone size-full wp-image-17098\" alt=\"haljine-za-jesen-3\" src=\"http:\/\/moda.covermagazin.com\/wp-content\/uploads\/2013\/08\/haljine-za-jesen-3.jpg\" width=\"620\" height=\"465\" \/><\/a><\/p>\n<p><a href=\"http:\/\/moda.covermagazin.com\/wp-content\/uploads\/2013\/08\/haljine-za-jesen-2.jpg\"><img loading=\"lazy\" decoding=\"async\" class=\"alignnone size-full wp-image-17099\" alt=\"haljine-za-jesen-2\" src=\"http:\/\/moda.covermagazin.com\/wp-content\/uploads\/2013\/08\/haljine-za-jesen-2.jpg\" width=\"620\" height=\"465\" \/><\/a><\/p>\n<p><a href=\"http:\/\/moda.covermagazin.com\/wp-content\/uploads\/2013\/08\/haljine-za-jesen-1.jpg\"><img loading=\"lazy\" decoding=\"async\" class=\"alignnone size-full wp-image-17100\" alt=\"haljine-za-jesen-1\" src=\"http:\/\/moda.covermagazin.com\/wp-content\/uploads\/2013\/08\/haljine-za-jesen-1.jpg\" width=\"620\" height=\"465\" \/><\/a><\/p>\n<h5>Roberto Cavalli<\/h5>\n<p><a href=\"http:\/\/moda.covermagazin.com\/wp-content\/uploads\/2013\/08\/haljine-za-jesen-2-5.jpg\"><img loading=\"lazy\" decoding=\"async\" class=\"alignnone size-full wp-image-17101\" alt=\"haljine-za-jesen-2-5\" src=\"http:\/\/moda.covermagazin.com\/wp-content\/uploads\/2013\/08\/haljine-za-jesen-2-5.jpg\" width=\"600\" height=\"413\" \/><\/a><\/p>\n<p><a href=\"http:\/\/moda.covermagazin.com\/wp-content\/uploads\/2013\/08\/haljine-za-jesen-2-4.jpg\"><img loading=\"lazy\" decoding=\"async\" class=\"alignnone size-full wp-image-17102\" alt=\"haljine-za-jesen-2-4\" src=\"http:\/\/moda.covermagazin.com\/wp-content\/uploads\/2013\/08\/haljine-za-jesen-2-4.jpg\" width=\"600\" height=\"413\" \/><\/a><\/p>\n<p><a href=\"http:\/\/moda.covermagazin.com\/wp-content\/uploads\/2013\/08\/haljine-za-jesen-2-3.jpg\"><img loading=\"lazy\" decoding=\"async\" class=\"alignnone size-full wp-image-17103\" alt=\"haljine-za-jesen-2-3\" src=\"http:\/\/moda.covermagazin.com\/wp-content\/uploads\/2013\/08\/haljine-za-jesen-2-3.jpg\" width=\"600\" height=\"413\" \/><\/a><\/p>\n<p><a href=\"http:\/\/moda.covermagazin.com\/wp-content\/uploads\/2013\/08\/haljine-za-jesen-2-2.jpg\"><img loading=\"lazy\" decoding=\"async\" class=\"alignnone size-full wp-image-17104\" alt=\"haljine-za-jesen-2-2\" src=\"http:\/\/moda.covermagazin.com\/wp-content\/uploads\/2013\/08\/haljine-za-jesen-2-2.jpg\" width=\"600\" height=\"413\" \/><\/a><\/p>\n<p><a href=\"http:\/\/moda.covermagazin.com\/wp-content\/uploads\/2013\/08\/haljine-za-jesen-2-1.jpg\"><img loading=\"lazy\" decoding=\"async\" class=\"alignnone size-full wp-image-17105\" alt=\"haljine-za-jesen-2-1\" src=\"http:\/\/moda.covermagazin.com\/wp-content\/uploads\/2013\/08\/haljine-za-jesen-2-1.jpg\" width=\"600\" height=\"413\" \/><\/a><\/p>\n<p>&nbsp;<\/p>\n<h5>Alexander McQueen<\/h5>\n<p><a href=\"http:\/\/moda.covermagazin.com\/wp-content\/uploads\/2013\/08\/haljine-za-jesen-3-3.jpg\"><img loading=\"lazy\" decoding=\"async\" class=\"alignnone size-full wp-image-17106\" alt=\"haljine-za-jesen-3-3\" src=\"http:\/\/moda.covermagazin.com\/wp-content\/uploads\/2013\/08\/haljine-za-jesen-3-3.jpg\" width=\"600\" height=\"413\" \/><\/a><\/p>\n<p><a href=\"http:\/\/moda.covermagazin.com\/wp-content\/uploads\/2013\/08\/haljine-za-jesen-3-2.jpg\"><img loading=\"lazy\" decoding=\"async\" class=\"alignnone size-full wp-image-17107\" alt=\"haljine-za-jesen-3-2\" src=\"http:\/\/moda.covermagazin.com\/wp-content\/uploads\/2013\/08\/haljine-za-jesen-3-2.jpg\" width=\"600\" height=\"413\" \/><\/a><\/p>\n<p><a href=\"http:\/\/moda.covermagazin.com\/wp-content\/uploads\/2013\/08\/haljine-za-jesen-3-1.jpg\"><img loading=\"lazy\" decoding=\"async\" class=\"alignnone size-full wp-image-17108\" alt=\"haljine-za-jesen-3-1\" src=\"http:\/\/moda.covermagazin.com\/wp-content\/uploads\/2013\/08\/haljine-za-jesen-3-1.jpg\" width=\"600\" height=\"413\" \/><\/a><\/p>\n<h5>Rachel Roy<\/h5>\n<p><a href=\"http:\/\/moda.covermagazin.com\/wp-content\/uploads\/2013\/08\/haljine-za-jesen-4-3.jpg\"><img loading=\"lazy\" decoding=\"async\" class=\"alignnone size-full wp-image-17109\" alt=\"haljine-za-jesen-4-3\" src=\"http:\/\/moda.covermagazin.com\/wp-content\/uploads\/2013\/08\/haljine-za-jesen-4-3.jpg\" width=\"600\" height=\"469\" \/><\/a><\/p>\n<p><a href=\"http:\/\/moda.covermagazin.com\/wp-content\/uploads\/2013\/08\/haljine-za-jesen-4-2.jpg\"><img loading=\"lazy\" decoding=\"async\" class=\"alignnone size-full wp-image-17110\" alt=\"haljine-za-jesen-4-2\" src=\"http:\/\/moda.covermagazin.com\/wp-content\/uploads\/2013\/08\/haljine-za-jesen-4-2.jpg\" width=\"600\" height=\"469\" \/><\/a><\/p>\n<p><a href=\"http:\/\/moda.covermagazin.com\/wp-content\/uploads\/2013\/08\/haljine-za-jesen-4-1.jpg\"><img loading=\"lazy\" decoding=\"async\" class=\"alignnone size-full wp-image-17111\" alt=\"haljine-za-jesen-4-1\" src=\"http:\/\/moda.covermagazin.com\/wp-content\/uploads\/2013\/08\/haljine-za-jesen-4-1.jpg\" width=\"600\" height=\"469\" \/><\/a><\/p>\n<p>&nbsp;<\/p>\n<p>&nbsp;<\/p>\n<h5>Leila Shams<\/h5>\n<p><a href=\"http:\/\/moda.covermagazin.com\/wp-content\/uploads\/2013\/08\/haljine-za-jesen-5-3.jpg\"><img loading=\"lazy\" decoding=\"async\" class=\"alignnone size-full wp-image-17112\" alt=\"haljine-za-jesen-5-3\" src=\"http:\/\/moda.covermagazin.com\/wp-content\/uploads\/2013\/08\/haljine-za-jesen-5-3.jpg\" width=\"600\" height=\"450\" \/><\/a><\/p>\n<p><a href=\"http:\/\/moda.covermagazin.com\/wp-content\/uploads\/2013\/08\/haljine-za-jesen-5-2.jpg\"><img loading=\"lazy\" decoding=\"async\" class=\"alignnone size-full wp-image-17113\" alt=\"haljine-za-jesen-5-2\" src=\"http:\/\/moda.covermagazin.com\/wp-content\/uploads\/2013\/08\/haljine-za-jesen-5-2.jpg\" width=\"600\" height=\"450\" \/><\/a><\/p>\n<p><a href=\"http:\/\/moda.covermagazin.com\/wp-content\/uploads\/2013\/08\/haljine-za-jesen-5-1.jpg\"><img loading=\"lazy\" decoding=\"async\" class=\"alignnone size-full wp-image-17114\" alt=\"haljine-za-jesen-5-1\" src=\"http:\/\/moda.covermagazin.com\/wp-content\/uploads\/2013\/08\/haljine-za-jesen-5-1.jpg\" width=\"600\" height=\"450\" \/><\/a><\/p>\n<p>&nbsp;<\/p>\n<h5>Michael Kros<\/h5>\n<p><a href=\"http:\/\/moda.covermagazin.com\/wp-content\/uploads\/2013\/08\/haljine-za-jesen-6-2.jpg\"><img loading=\"lazy\" decoding=\"async\" class=\"alignnone size-full wp-image-17116\" alt=\"haljine-za-jesen-6-2\" src=\"http:\/\/moda.covermagazin.com\/wp-content\/uploads\/2013\/08\/haljine-za-jesen-6-2.jpg\" width=\"600\" height=\"450\" \/><\/a><\/p>\n<p><a href=\"http:\/\/moda.covermagazin.com\/wp-content\/uploads\/2013\/08\/haljine-za-jesen-6-1.jpg\"><img loading=\"lazy\" decoding=\"async\" class=\"alignnone size-full wp-image-17117\" alt=\"haljine-za-jesen-6-1\" src=\"http:\/\/moda.covermagazin.com\/wp-content\/uploads\/2013\/08\/haljine-za-jesen-6-1.jpg\" width=\"600\" height=\"785\" \/><\/a><\/p>\n","protected":false},"excerpt":{"rendered":"<p>50\u00a0dizajnerskih haljina za jesen Jednostavnost linija i elegancija dominirale su u pre-fall kolekcijama poznatih svjetskih dizajnera. Krojevi se kre\u0107u od ultra \u017eenstvenih toaleta, do haljina inspiriranih mu\u0161kim odijelima. Ipak, trend koji se mo\u017ee naslutiti za sljede\u0107u sezonu je ozbiljnost linija i elegancija, s da\u0161kom gotike. Moderne boje su neutralne poput crne, plave, sme\u0111e, bijele i [&hellip;]<\/p>\n","protected":false},"author":1,"featured_media":0,"comment_status":"open","ping_status":"open","sticky":false,"template":"","format":"standard","meta":{"footnotes":""},"categories":[3],"tags":[1159,1209],"class_list":["post-17095","post","type-post","status-publish","format-standard","hentry","category-modni_trendovi","tag-dizajnerske-haljine","tag-haljine"],"_links":{"self":[{"href":"https:\/\/moda.covermagazin.com\/index.php?rest_route=\/wp\/v2\/posts\/17095","targetHints":{"allow":["GET"]}}],"collection":[{"href":"https:\/\/moda.covermagazin.com\/index.php?rest_route=\/wp\/v2\/posts"}],"about":[{"href":"https:\/\/moda.covermagazin.com\/index.php?rest_route=\/wp\/v2\/types\/post"}],"author":[{"embeddable":true,"href":"https:\/\/moda.covermagazin.com\/index.php?rest_route=\/wp\/v2\/users\/1"}],"replies":[{"embeddable":true,"href":"https:\/\/moda.covermagazin.com\/index.php?rest_route=%2Fwp%2Fv2%2Fcomments&post=17095"}],"version-history":[{"count":11,"href":"https:\/\/moda.covermagazin.com\/index.php?rest_route=\/wp\/v2\/posts\/17095\/revisions"}],"predecessor-version":[{"id":50117,"href":"https:\/\/moda.covermagazin.com\/index.php?rest_route=\/wp\/v2\/posts\/17095\/revisions\/50117"}],"wp:attachment":[{"href":"https:\/\/moda.covermagazin.com\/index.php?rest_route=%2Fwp%2Fv2%2Fmedia&parent=17095"}],"wp:term":[{"taxonomy":"category","embeddable":true,"href":"https:\/\/moda.covermagazin.com\/index.php?rest_route=%2Fwp%2Fv2%2Fcategories&post=17095"},{"taxonomy":"post_tag","embeddable":true,"href":"https:\/\/moda.covermagazin.com\/index.php?rest_route=%2Fwp%2Fv2%2Ftags&post=17095"}],"curies":[{"name":"wp","href":"https:\/\/api.w.org\/{rel}","templated":true}]}}