{"id":16850,"date":"2021-02-05T08:48:16","date_gmt":"2021-02-05T06:48:16","guid":{"rendered":"http:\/\/moda.covermagazin.com\/?p=16850"},"modified":"2024-09-30T18:34:03","modified_gmt":"2024-09-30T16:34:03","slug":"trake-i-marame-za-kosu-za-ljeto","status":"publish","type":"post","link":"https:\/\/moda.covermagazin.com\/?p=16850","title":{"rendered":"Trake, marame i obru\u010di za kosu u 2021."},"content":{"rendered":"<h3><a href=\"https:\/\/moda.covermagazin.com\/wp-content\/uploads\/2013\/07\/Trake-i-marame-za-kosu-za-ljeto.jpg\"><img loading=\"lazy\" decoding=\"async\" class=\"alignnone size-full wp-image-31202\" src=\"https:\/\/moda.covermagazin.com\/wp-content\/uploads\/2013\/07\/Trake-i-marame-za-kosu-za-ljeto.jpg\" alt=\"\" width=\"600\" height=\"400\" \/><\/a><\/h3>\n<h3>Trake, marame i obru\u010di za kosu<\/h3>\n<p>Dobar odabir trake za kosu mo\u017ee trenutno privu\u0107i pa\u017enju i u \u010diniti frizuru zanimljivom, a u isto vrijeme olak\u0161ati pravljenje frizure.<\/p>\n<p>Trake i marame za kosu odli\u010dan su na\u010din da istaknete svoju mladena\u010dku stranu, ali mogu biti i vrlo zavodljive i seksi ovisno o odabiru.<\/p>\n<p>Eksperimentirajte s bojom i stilom traka sve dok ne prona\u0111ete stil koji \u0107e vam savr\u0161eno\u00a0 stajati.<\/p>\n<p>Najva\u017enije kod traka i marama za kosu je da ih imate hrabrosti nositi. Poput \u0161e\u0161ira ili nekog uo\u010dljivog nakita trake za kosu privla\u010de pa\u017enju, ne samo na kosu nego na ukupan stil, stoga je bitno da one odgovaraju va\u0161em stilu te da vam nije neugodno. Ukoliko niste navikli na modne dodatke za kosu, krenite s jednostavnijim, kako biste postupno skupljali hrabrost.<\/p>\n<p>Za maksimum stila poku\u0161ajte uskladiti trake za kosu bojom ili nijansom s ostatkom odje\u0107e, te ih uparite s cipelama, torbom ili remenom. Ali izbjegavajte uskla\u0111ivanje uzoraka, primjerice tufnica ili animal printa, jer \u0107ete tako izgledati kostimirano.<\/p>\n<p><a href=\"https:\/\/moda.covermagazin.com\/wp-content\/uploads\/2013\/07\/Trake-i-marame-za-kosu-za-ljeto-7.jpg\"><img loading=\"lazy\" decoding=\"async\" class=\"alignnone size-full wp-image-31203\" src=\"https:\/\/moda.covermagazin.com\/wp-content\/uploads\/2013\/07\/Trake-i-marame-za-kosu-za-ljeto-7.jpg\" alt=\"\" width=\"500\" height=\"345\" \/><\/a> <a href=\"https:\/\/moda.covermagazin.com\/wp-content\/uploads\/2013\/07\/Trake-i-marame-za-kosu-za-ljeto-6.jpg\"><img loading=\"lazy\" decoding=\"async\" class=\"alignnone size-large wp-image-31204\" src=\"https:\/\/moda.covermagazin.com\/wp-content\/uploads\/2013\/07\/Trake-i-marame-za-kosu-za-ljeto-6.jpg\" alt=\"\" width=\"500\" height=\"353\" \/><\/a> <a href=\"https:\/\/moda.covermagazin.com\/wp-content\/uploads\/2013\/07\/Trake-i-marame-za-kosu-za-ljeto-5.jpg\"><img loading=\"lazy\" decoding=\"async\" class=\"alignnone size-large wp-image-31205\" src=\"https:\/\/moda.covermagazin.com\/wp-content\/uploads\/2013\/07\/Trake-i-marame-za-kosu-za-ljeto-5.jpg\" alt=\"\" width=\"500\" height=\"415\" \/><\/a> <a href=\"https:\/\/moda.covermagazin.com\/wp-content\/uploads\/2013\/07\/Trake-i-marame-za-kosu-za-ljeto-4.jpg\"><img loading=\"lazy\" decoding=\"async\" class=\"alignnone size-large wp-image-31206\" src=\"https:\/\/moda.covermagazin.com\/wp-content\/uploads\/2013\/07\/Trake-i-marame-za-kosu-za-ljeto-4.jpg\" alt=\"\" width=\"500\" height=\"449\" \/><\/a> <a href=\"https:\/\/moda.covermagazin.com\/wp-content\/uploads\/2013\/07\/Trake-i-marame-za-kosu-za-ljeto-3.jpg\"><img loading=\"lazy\" decoding=\"async\" class=\"alignnone size-large wp-image-31207\" src=\"https:\/\/moda.covermagazin.com\/wp-content\/uploads\/2013\/07\/Trake-i-marame-za-kosu-za-ljeto-3.jpg\" alt=\"\" width=\"498\" height=\"378\" \/><\/a> <a href=\"https:\/\/moda.covermagazin.com\/wp-content\/uploads\/2013\/07\/Trake-i-marame-za-kosu-za-ljeto-2.jpg\"><img loading=\"lazy\" decoding=\"async\" class=\"alignnone size-large wp-image-31208\" src=\"https:\/\/moda.covermagazin.com\/wp-content\/uploads\/2013\/07\/Trake-i-marame-za-kosu-za-ljeto-2.jpg\" alt=\"\" width=\"500\" height=\"434\" \/><\/a> <a href=\"https:\/\/moda.covermagazin.com\/wp-content\/uploads\/2013\/07\/Trake-i-marame-za-kosu-za-ljeto-0.jpg\"><img loading=\"lazy\" decoding=\"async\" class=\"alignnone size-large wp-image-31209\" src=\"https:\/\/moda.covermagazin.com\/wp-content\/uploads\/2013\/07\/Trake-i-marame-za-kosu-za-ljeto-0.jpg\" alt=\"\" width=\"500\" height=\"367\" \/><\/a><\/p>\n","protected":false},"excerpt":{"rendered":"<p>Trake, marame i obru\u010di za kosu Dobar odabir trake za kosu mo\u017ee trenutno privu\u0107i pa\u017enju i u \u010diniti frizuru zanimljivom, a u isto vrijeme olak\u0161ati pravljenje frizure. Trake i marame za kosu odli\u010dan su na\u010din da istaknete svoju mladena\u010dku stranu, ali mogu biti i vrlo zavodljive i seksi ovisno o odabiru. Eksperimentirajte s bojom i [&hellip;]<\/p>\n","protected":false},"author":1,"featured_media":0,"comment_status":"open","ping_status":"open","sticky":false,"template":"","format":"standard","meta":{"footnotes":""},"categories":[4],"tags":[1080,1206,1325],"class_list":["post-16850","post","type-post","status-publish","format-standard","hentry","category-frizure_poznatih","tag-frizure-2016","tag-moderan-nakit","tag-zenske-frizure"],"_links":{"self":[{"href":"https:\/\/moda.covermagazin.com\/index.php?rest_route=\/wp\/v2\/posts\/16850","targetHints":{"allow":["GET"]}}],"collection":[{"href":"https:\/\/moda.covermagazin.com\/index.php?rest_route=\/wp\/v2\/posts"}],"about":[{"href":"https:\/\/moda.covermagazin.com\/index.php?rest_route=\/wp\/v2\/types\/post"}],"author":[{"embeddable":true,"href":"https:\/\/moda.covermagazin.com\/index.php?rest_route=\/wp\/v2\/users\/1"}],"replies":[{"embeddable":true,"href":"https:\/\/moda.covermagazin.com\/index.php?rest_route=%2Fwp%2Fv2%2Fcomments&post=16850"}],"version-history":[{"count":7,"href":"https:\/\/moda.covermagazin.com\/index.php?rest_route=\/wp\/v2\/posts\/16850\/revisions"}],"predecessor-version":[{"id":48354,"href":"https:\/\/moda.covermagazin.com\/index.php?rest_route=\/wp\/v2\/posts\/16850\/revisions\/48354"}],"wp:attachment":[{"href":"https:\/\/moda.covermagazin.com\/index.php?rest_route=%2Fwp%2Fv2%2Fmedia&parent=16850"}],"wp:term":[{"taxonomy":"category","embeddable":true,"href":"https:\/\/moda.covermagazin.com\/index.php?rest_route=%2Fwp%2Fv2%2Fcategories&post=16850"},{"taxonomy":"post_tag","embeddable":true,"href":"https:\/\/moda.covermagazin.com\/index.php?rest_route=%2Fwp%2Fv2%2Ftags&post=16850"}],"curies":[{"name":"wp","href":"https:\/\/api.w.org\/{rel}","templated":true}]}}