{"id":16845,"date":"2021-11-28T08:21:39","date_gmt":"2021-11-28T06:21:39","guid":{"rendered":"http:\/\/moda.covermagazin.com\/?p=16845"},"modified":"2024-12-05T09:58:41","modified_gmt":"2024-12-05T07:58:41","slug":"16845","status":"publish","type":"post","link":"https:\/\/moda.covermagazin.com\/?p=16845","title":{"rendered":"Organizirajte ormar i izgledajte odli\u010dno"},"content":{"rendered":"\n<figure class=\"wp-block-image size-full\"><img decoding=\"async\" src=\"https:\/\/moda.covermagazin.com\/wp-content\/uploads\/2021\/11\/organizirajte-ormar.jpg\" alt=\"\" class=\"wp-image-39438\"\/><\/figure>\n\n\n\n<h3 class=\"wp-block-heading\">Organizirajte ormar i izgledajte odli\u010dno<\/h3>\n\n\n\n<p>Vodi\u010d ispod pomo\u0107i \u0107e vam da organizirate ormar, te da olak\u0161ate odijevanje i izgledate odli\u010dno.<\/p>\n\n\n\n<p>&#8211; Ostavite na stranu <strong>odje\u0107u koju znate da ne\u0107ete nositi,<\/strong> to uklju\u010duje onu koja je o\u0161te\u0107ena, ostarjela, kojoj trebaju popravke ili nije moderna.<\/p>\n\n\n\n<p>&#8211; <strong>Bacite duplikate.<\/strong> Npr. ukoliko imate mnogo majica na tregere, bacite one najstarije kako biste vi\u0161e iznosili one najnovije i najmodernije.<\/p>\n\n\n\n<p>&#8211; Ako ne\u0161to <strong>niste nosili tri mjeseca<\/strong>, ali jo\u0161 uvijek se niste spremni odre\u0107i se tog komada spremite ga u plasti\u010dnu vre\u0107icu i ostavite po strani. Ako ne uzmete taj komad ni u sljede\u0107ih 9 mjeseci tada znate da ga mo\u017eete baciti i da vam ne\u0107e nedostajati ni dugoro\u010dno.<\/p>\n\n\n\n<p>&#8211; <strong>Razmijenite odje\u0107u<\/strong> s prijateljicama. Ponekad su neki komadi predobri da bi se bacili, ali su vam dosadili jer ste ih pre\u010desto nosili.<\/p>\n\n\n\n<p>&#8211; <strong>Fotografirajte<\/strong> mobitelom svoje dobre lookove. Tako \u0107ete uvijek imati dobrih ideja kada ne znate \u0161to biste odjenuli.<\/p>\n\n\n\n<p>&#8211; <strong>Kupite nove vje\u0161alice.<\/strong> Ukoliko stavite dva komada odje\u0107e na istu vje\u0161alicu, vjerojatno \u0107ete onaj ispod rje\u0111e nositi.<\/p>\n\n\n\n<p>&#8211; <strong>Organizirajte odje\u0107u<\/strong> na na\u010din koji vam najbolje odgovara ili po prilikama, po kombinacijama ili po vrsti.<\/p>\n\n\n\n<p>&#8211; <strong>Samodisciplina<\/strong> je klju\u010d. Svaki put kada ne\u0161to novo kupite ne\u0161to staro izbacite iz ormara.<\/p>\n","protected":false},"excerpt":{"rendered":"<p>Organizirajte ormar i izgledajte odli\u010dno Vodi\u010d ispod pomo\u0107i \u0107e vam da organizirate ormar, te da olak\u0161ate odijevanje i izgledate odli\u010dno. &#8211; Ostavite na stranu odje\u0107u koju znate da ne\u0107ete nositi, to uklju\u010duje onu koja je o\u0161te\u0107ena, ostarjela, kojoj trebaju popravke ili nije moderna. &#8211; Bacite duplikate. Npr. ukoliko imate mnogo majica na tregere, bacite one [&hellip;]<\/p>\n","protected":false},"author":1,"featured_media":0,"comment_status":"open","ping_status":"open","sticky":false,"template":"","format":"standard","meta":{"footnotes":""},"categories":[5],"tags":[1510,1111,1100],"class_list":["post-16845","post","type-post","status-publish","format-standard","hentry","category-style_news","tag-garderoba","tag-izgled","tag-stil"],"_links":{"self":[{"href":"https:\/\/moda.covermagazin.com\/index.php?rest_route=\/wp\/v2\/posts\/16845","targetHints":{"allow":["GET"]}}],"collection":[{"href":"https:\/\/moda.covermagazin.com\/index.php?rest_route=\/wp\/v2\/posts"}],"about":[{"href":"https:\/\/moda.covermagazin.com\/index.php?rest_route=\/wp\/v2\/types\/post"}],"author":[{"embeddable":true,"href":"https:\/\/moda.covermagazin.com\/index.php?rest_route=\/wp\/v2\/users\/1"}],"replies":[{"embeddable":true,"href":"https:\/\/moda.covermagazin.com\/index.php?rest_route=%2Fwp%2Fv2%2Fcomments&post=16845"}],"version-history":[{"count":6,"href":"https:\/\/moda.covermagazin.com\/index.php?rest_route=\/wp\/v2\/posts\/16845\/revisions"}],"predecessor-version":[{"id":48734,"href":"https:\/\/moda.covermagazin.com\/index.php?rest_route=\/wp\/v2\/posts\/16845\/revisions\/48734"}],"wp:attachment":[{"href":"https:\/\/moda.covermagazin.com\/index.php?rest_route=%2Fwp%2Fv2%2Fmedia&parent=16845"}],"wp:term":[{"taxonomy":"category","embeddable":true,"href":"https:\/\/moda.covermagazin.com\/index.php?rest_route=%2Fwp%2Fv2%2Fcategories&post=16845"},{"taxonomy":"post_tag","embeddable":true,"href":"https:\/\/moda.covermagazin.com\/index.php?rest_route=%2Fwp%2Fv2%2Ftags&post=16845"}],"curies":[{"name":"wp","href":"https:\/\/api.w.org\/{rel}","templated":true}]}}