{"id":16501,"date":"2021-02-05T08:22:01","date_gmt":"2021-02-05T06:22:01","guid":{"rendered":"http:\/\/moda.covermagazin.com\/?p=16501"},"modified":"2021-10-18T09:11:49","modified_gmt":"2021-10-18T07:11:49","slug":"15-ideja-za-modernu-frizuru","status":"publish","type":"post","link":"https:\/\/moda.covermagazin.com\/?p=16501","title":{"rendered":"15 ideja za modernu frizuru za 2021."},"content":{"rendered":"<h3><a href=\"https:\/\/moda.covermagazin.com\/wp-content\/uploads\/2018\/09\/frizure.jpg\"><img loading=\"lazy\" decoding=\"async\" class=\"alignnone size-full wp-image-27742\" src=\"https:\/\/moda.covermagazin.com\/wp-content\/uploads\/2018\/09\/frizure.jpg\" alt=\"\" width=\"600\" height=\"401\" \/><\/a><\/h3>\n<h3>15 ideja za modernu frizuru<\/h3>\n<p>Ova sezona donosi raznolikost i ostavlja prostora za eksperimentiranje, pa isprobajte pun\u0111e, pletenice ili neku drugu modernu frizuru koju mo\u017eete napraviti i trenutno promijeniti izgled bez \u0161i\u0161anja ili posjeta frizeru.<\/p>\n<p>&nbsp;<\/p>\n<h4>Skrivene pletenice<\/h4>\n<p><a href=\"https:\/\/moda.covermagazin.com\/wp-content\/uploads\/2018\/05\/frizure_14.jpg\"><img loading=\"lazy\" decoding=\"async\" class=\"alignnone size-full wp-image-26615\" src=\"https:\/\/moda.covermagazin.com\/wp-content\/uploads\/2018\/05\/frizure_14.jpg\" alt=\"\" width=\"450\" height=\"714\" \/><\/a><\/p>\n<p>&nbsp;<\/p>\n<h4>Niska pun\u0111a<\/h4>\n<p><a href=\"http:\/\/moda.covermagazin.com\/wp-content\/uploads\/2018\/01\/niska_pundja.jpg\"><img loading=\"lazy\" decoding=\"async\" class=\"alignnone size-full wp-image-24978\" src=\"http:\/\/moda.covermagazin.com\/wp-content\/uploads\/2018\/01\/niska_pundja.jpg\" alt=\"\" width=\"420\" height=\"560\" \/><\/a><\/p>\n<p>&nbsp;<\/p>\n<h4>Bogati valovi<\/h4>\n<p><a href=\"http:\/\/moda.covermagazin.com\/wp-content\/uploads\/2018\/01\/frizura_bogati_valovi.jpg\"><img loading=\"lazy\" decoding=\"async\" class=\"alignnone size-full wp-image-24980\" src=\"http:\/\/moda.covermagazin.com\/wp-content\/uploads\/2018\/01\/frizura_bogati_valovi.jpg\" alt=\"\" width=\"420\" height=\"530\" \/><\/a><\/p>\n<p>&nbsp;<\/p>\n<h4>Visoki rep<\/h4>\n<p><a href=\"http:\/\/moda.covermagazin.com\/wp-content\/uploads\/2018\/01\/frizura_visoki-rep.jpg\"><img loading=\"lazy\" decoding=\"async\" class=\"alignnone size-full wp-image-24981\" src=\"http:\/\/moda.covermagazin.com\/wp-content\/uploads\/2018\/01\/frizura_visoki-rep.jpg\" alt=\"\" width=\"420\" height=\"558\" \/><\/a><\/p>\n<p><strong>Visoki \u010dvor<\/strong><\/p>\n<p><a href=\"https:\/\/moda.covermagazin.com\/wp-content\/uploads\/2018\/05\/frizure_15.jpg\"><img loading=\"lazy\" decoding=\"async\" class=\"alignnone size-full wp-image-26614\" src=\"https:\/\/moda.covermagazin.com\/wp-content\/uploads\/2018\/05\/frizure_15.jpg\" alt=\"\" width=\"450\" height=\"491\" \/><\/a><\/p>\n<p>&nbsp;<\/p>\n<h4>Niski \u010dvor<\/h4>\n<p><a href=\"http:\/\/moda.covermagazin.com\/wp-content\/uploads\/2013\/05\/frizure-5.jpg\"><img loading=\"lazy\" decoding=\"async\" class=\"alignnone size-full wp-image-16513\" src=\"http:\/\/moda.covermagazin.com\/wp-content\/uploads\/2013\/05\/frizure-5.jpg\" alt=\"frizure-5\" width=\"420\" height=\"560\" \/><\/a><\/p>\n<h4><\/h4>\n<h4>Niski rep<\/h4>\n<p><a href=\"http:\/\/moda.covermagazin.com\/wp-content\/uploads\/2013\/05\/frizure-6.jpg\"><img loading=\"lazy\" decoding=\"async\" class=\"alignnone size-full wp-image-16512\" src=\"http:\/\/moda.covermagazin.com\/wp-content\/uploads\/2013\/05\/frizure-6.jpg\" alt=\"frizure-6\" width=\"420\" height=\"560\" \/><\/a><\/p>\n<h4><\/h4>\n<h4>Niska pletenica<\/h4>\n<p><a href=\"http:\/\/moda.covermagazin.com\/wp-content\/uploads\/2013\/05\/frizure-7.jpg\"><img loading=\"lazy\" decoding=\"async\" class=\"alignnone size-full wp-image-16511\" src=\"http:\/\/moda.covermagazin.com\/wp-content\/uploads\/2013\/05\/frizure-7.jpg\" alt=\"frizure-7\" width=\"420\" height=\"560\" \/><\/a><\/p>\n<h4><\/h4>\n<h4>Pletenica u pun\u0111i<\/h4>\n<p><a href=\"http:\/\/moda.covermagazin.com\/wp-content\/uploads\/2013\/05\/frizure-8.jpg\"><img loading=\"lazy\" decoding=\"async\" class=\"alignnone size-full wp-image-16510\" src=\"http:\/\/moda.covermagazin.com\/wp-content\/uploads\/2013\/05\/frizure-8.jpg\" alt=\"frizure-8\" width=\"420\" height=\"560\" \/><\/a><\/p>\n<h4><\/h4>\n<h4>Traka za kosu<\/h4>\n<p><a href=\"https:\/\/moda.covermagazin.com\/wp-content\/uploads\/2018\/05\/ukrasi_za_kosu.jpg\"><img loading=\"lazy\" decoding=\"async\" class=\"alignnone size-full wp-image-26611\" src=\"https:\/\/moda.covermagazin.com\/wp-content\/uploads\/2018\/05\/ukrasi_za_kosu.jpg\" alt=\"\" width=\"420\" height=\"628\" \/><\/a><\/p>\n<p>&nbsp;<\/p>\n<h4>Kop\u010de za kosu<\/h4>\n<p><a href=\"https:\/\/moda.covermagazin.com\/wp-content\/uploads\/2018\/05\/kopce_za_kosu.jpg\"><img loading=\"lazy\" decoding=\"async\" class=\"alignnone size-full wp-image-26612\" src=\"https:\/\/moda.covermagazin.com\/wp-content\/uploads\/2018\/05\/kopce_za_kosu.jpg\" alt=\"\" width=\"420\" height=\"648\" \/><\/a><\/p>\n<p>&nbsp;<\/p>\n<h4>Teretana look<\/h4>\n<p><a href=\"http:\/\/moda.covermagazin.com\/wp-content\/uploads\/2013\/05\/frizure-12.jpg\"><img loading=\"lazy\" decoding=\"async\" class=\"alignnone size-full wp-image-16506\" src=\"http:\/\/moda.covermagazin.com\/wp-content\/uploads\/2013\/05\/frizure-12.jpg\" alt=\"frizure-12\" width=\"420\" height=\"560\" \/><\/a><\/p>\n<h4><\/h4>\n<h4>Niski valoviti rep<\/h4>\n<p><a href=\"http:\/\/moda.covermagazin.com\/wp-content\/uploads\/2013\/05\/frizure-13.jpg\"><img loading=\"lazy\" decoding=\"async\" class=\"alignnone size-full wp-image-16505\" src=\"http:\/\/moda.covermagazin.com\/wp-content\/uploads\/2013\/05\/frizure-13.jpg\" alt=\"frizure-13\" width=\"420\" height=\"560\" \/><\/a><\/p>\n<h4><\/h4>\n<h4>Volumen<\/h4>\n<p><a href=\"http:\/\/moda.covermagazin.com\/wp-content\/uploads\/2013\/05\/frizure-14.jpg\"><img loading=\"lazy\" decoding=\"async\" class=\"alignnone size-full wp-image-16504\" src=\"http:\/\/moda.covermagazin.com\/wp-content\/uploads\/2013\/05\/frizure-14.jpg\" alt=\"frizure-14\" width=\"420\" height=\"560\" \/><\/a><\/p>\n<h4><\/h4>\n<h4>Polurep\u00a0od pletenice<\/h4>\n<p><a href=\"http:\/\/moda.covermagazin.com\/wp-content\/uploads\/2018\/01\/frizura_pletenica.jpg\"><img loading=\"lazy\" decoding=\"async\" class=\"alignnone size-full wp-image-24983\" src=\"http:\/\/moda.covermagazin.com\/wp-content\/uploads\/2018\/01\/frizura_pletenica.jpg\" alt=\"\" width=\"420\" height=\"525\" \/><\/a><\/p>\n","protected":false},"excerpt":{"rendered":"<p>Ova sezona donosi raznolikost i ostavlja prostora za eksperimentiranje&#8230;<\/p>\n","protected":false},"author":1,"featured_media":0,"comment_status":"open","ping_status":"open","sticky":false,"template":"","format":"standard","meta":{"footnotes":""},"categories":[4,1043],"tags":[1080,1328,1325],"class_list":["post-16501","post","type-post","status-publish","format-standard","hentry","category-frizure_poznatih","category-moda-2018","tag-frizure-2016","tag-najmodernija-frizura-2021","tag-zenske-frizure"],"_links":{"self":[{"href":"https:\/\/moda.covermagazin.com\/index.php?rest_route=\/wp\/v2\/posts\/16501","targetHints":{"allow":["GET"]}}],"collection":[{"href":"https:\/\/moda.covermagazin.com\/index.php?rest_route=\/wp\/v2\/posts"}],"about":[{"href":"https:\/\/moda.covermagazin.com\/index.php?rest_route=\/wp\/v2\/types\/post"}],"author":[{"embeddable":true,"href":"https:\/\/moda.covermagazin.com\/index.php?rest_route=\/wp\/v2\/users\/1"}],"replies":[{"embeddable":true,"href":"https:\/\/moda.covermagazin.com\/index.php?rest_route=%2Fwp%2Fv2%2Fcomments&post=16501"}],"version-history":[{"count":10,"href":"https:\/\/moda.covermagazin.com\/index.php?rest_route=\/wp\/v2\/posts\/16501\/revisions"}],"predecessor-version":[{"id":42684,"href":"https:\/\/moda.covermagazin.com\/index.php?rest_route=\/wp\/v2\/posts\/16501\/revisions\/42684"}],"wp:attachment":[{"href":"https:\/\/moda.covermagazin.com\/index.php?rest_route=%2Fwp%2Fv2%2Fmedia&parent=16501"}],"wp:term":[{"taxonomy":"category","embeddable":true,"href":"https:\/\/moda.covermagazin.com\/index.php?rest_route=%2Fwp%2Fv2%2Fcategories&post=16501"},{"taxonomy":"post_tag","embeddable":true,"href":"https:\/\/moda.covermagazin.com\/index.php?rest_route=%2Fwp%2Fv2%2Ftags&post=16501"}],"curies":[{"name":"wp","href":"https:\/\/api.w.org\/{rel}","templated":true}]}}