{"id":16461,"date":"2013-05-02T09:36:53","date_gmt":"2013-05-02T07:36:53","guid":{"rendered":"http:\/\/moda.covermagazin.com\/?p=16461"},"modified":"2013-05-09T08:21:39","modified_gmt":"2013-05-09T06:21:39","slug":"smaragdno-zelena-kako-nositi-boju-sezone","status":"publish","type":"post","link":"https:\/\/moda.covermagazin.com\/?p=16461","title":{"rendered":"Smaragdno zelena \u2013 kako nositi boju sezone"},"content":{"rendered":"<h3><a href=\"http:\/\/moda.covermagazin.com\/wp-content\/uploads\/2013\/05\/smaragdno-zelena-0.jpg\"><img loading=\"lazy\" decoding=\"async\" class=\"alignnone size-full wp-image-16462\" alt=\"smaragdno-zelena-0\" src=\"http:\/\/moda.covermagazin.com\/wp-content\/uploads\/2013\/05\/smaragdno-zelena-0.jpg\" width=\"420\" height=\"380\" \/><\/a><\/h3>\n<h3>Smaragdno zelena \u2013 kako nositi boju sezone<\/h3>\n<p>Smaragdno zelena definitivno je boja ove sezone.<\/p>\n<p>Smaragdno zelena\u00a0je boja\u00a0 elegancije i ljepote, ali koja poti\u010de osje\u0107aj zadovoljstva, ravnote\u017ee i harmonije.<\/p>\n<h3><a href=\"http:\/\/moda.covermagazin.com\/wp-content\/uploads\/2013\/05\/smaragdno-zelena-9.jpg\"><img loading=\"lazy\" decoding=\"async\" class=\"alignnone size-full wp-image-16463\" alt=\"smaragdno-zelena-9\" src=\"http:\/\/moda.covermagazin.com\/wp-content\/uploads\/2013\/05\/smaragdno-zelena-9.jpg\" width=\"420\" height=\"380\" \/><\/a><\/h3>\n<h3><a href=\"http:\/\/moda.covermagazin.com\/wp-content\/uploads\/2013\/05\/smaragdno-zelena-8.jpg\"><img loading=\"lazy\" decoding=\"async\" class=\"alignnone size-full wp-image-16464\" alt=\"smaragdno-zelena-8\" src=\"http:\/\/moda.covermagazin.com\/wp-content\/uploads\/2013\/05\/smaragdno-zelena-8.jpg\" width=\"420\" height=\"380\" \/><\/a><\/h3>\n<h3><a href=\"http:\/\/moda.covermagazin.com\/wp-content\/uploads\/2013\/05\/smaragdno-zelena-7.jpg\"><img loading=\"lazy\" decoding=\"async\" class=\"alignnone size-full wp-image-16465\" alt=\"smaragdno-zelena-7\" src=\"http:\/\/moda.covermagazin.com\/wp-content\/uploads\/2013\/05\/smaragdno-zelena-7.jpg\" width=\"420\" height=\"380\" \/><\/a><\/h3>\n<h3><a href=\"http:\/\/moda.covermagazin.com\/wp-content\/uploads\/2013\/05\/smaragdno-zelena-6.jpg\"><img loading=\"lazy\" decoding=\"async\" class=\"alignnone size-full wp-image-16466\" alt=\"smaragdno-zelena-6\" src=\"http:\/\/moda.covermagazin.com\/wp-content\/uploads\/2013\/05\/smaragdno-zelena-6.jpg\" width=\"420\" height=\"380\" \/><\/a><\/h3>\n<h3><a href=\"http:\/\/moda.covermagazin.com\/wp-content\/uploads\/2013\/05\/smaragdno-zelena-5.jpg\"><img loading=\"lazy\" decoding=\"async\" class=\"alignnone size-full wp-image-16467\" alt=\"smaragdno-zelena-5\" src=\"http:\/\/moda.covermagazin.com\/wp-content\/uploads\/2013\/05\/smaragdno-zelena-5.jpg\" width=\"420\" height=\"380\" \/><\/a><\/h3>\n<h3><a href=\"http:\/\/moda.covermagazin.com\/wp-content\/uploads\/2013\/05\/smaragdno-zelena-4.jpg\"><img loading=\"lazy\" decoding=\"async\" class=\"alignnone size-full wp-image-16468\" alt=\"smaragdno-zelena-4\" src=\"http:\/\/moda.covermagazin.com\/wp-content\/uploads\/2013\/05\/smaragdno-zelena-4.jpg\" width=\"420\" height=\"380\" \/><\/a><\/h3>\n<h3><a href=\"http:\/\/moda.covermagazin.com\/wp-content\/uploads\/2013\/05\/smaragdno-zelena-3.jpg\"><img loading=\"lazy\" decoding=\"async\" class=\"alignnone size-full wp-image-16469\" alt=\"smaragdno-zelena-3\" src=\"http:\/\/moda.covermagazin.com\/wp-content\/uploads\/2013\/05\/smaragdno-zelena-3.jpg\" width=\"420\" height=\"380\" \/><\/a><\/h3>\n<h3><a href=\"http:\/\/moda.covermagazin.com\/wp-content\/uploads\/2013\/05\/smaragdno-zelena-2.jpg\"><img loading=\"lazy\" decoding=\"async\" class=\"alignnone size-full wp-image-16470\" alt=\"smaragdno-zelena-2\" src=\"http:\/\/moda.covermagazin.com\/wp-content\/uploads\/2013\/05\/smaragdno-zelena-2.jpg\" width=\"420\" height=\"380\" \/><\/a><\/h3>\n<h3><a href=\"http:\/\/moda.covermagazin.com\/wp-content\/uploads\/2013\/05\/smaragdno-zelena-1.jpg\"><img loading=\"lazy\" decoding=\"async\" class=\"alignnone size-full wp-image-16471\" alt=\"smaragdno-zelena-1\" src=\"http:\/\/moda.covermagazin.com\/wp-content\/uploads\/2013\/05\/smaragdno-zelena-1.jpg\" width=\"420\" height=\"380\" \/><\/a><\/h3>\n<h3><a href=\"http:\/\/moda.covermagazin.com\/wp-content\/uploads\/2013\/05\/smaragdno-zelena-f.jpg\"><img loading=\"lazy\" decoding=\"async\" class=\"alignnone size-full wp-image-16472\" alt=\"smaragdno-zelena-f\" src=\"http:\/\/moda.covermagazin.com\/wp-content\/uploads\/2013\/05\/smaragdno-zelena-f.jpg\" width=\"420\" height=\"380\" \/><\/a><\/h3>\n","protected":false},"excerpt":{"rendered":"<p>Smaragdno zelena definitivno je boja ove sezone. <\/p>\n","protected":false},"author":1,"featured_media":0,"comment_status":"open","ping_status":"open","sticky":false,"template":"","format":"standard","meta":{"footnotes":""},"categories":[3],"tags":[],"class_list":["post-16461","post","type-post","status-publish","format-standard","hentry","category-modni_trendovi"],"_links":{"self":[{"href":"https:\/\/moda.covermagazin.com\/index.php?rest_route=\/wp\/v2\/posts\/16461","targetHints":{"allow":["GET"]}}],"collection":[{"href":"https:\/\/moda.covermagazin.com\/index.php?rest_route=\/wp\/v2\/posts"}],"about":[{"href":"https:\/\/moda.covermagazin.com\/index.php?rest_route=\/wp\/v2\/types\/post"}],"author":[{"embeddable":true,"href":"https:\/\/moda.covermagazin.com\/index.php?rest_route=\/wp\/v2\/users\/1"}],"replies":[{"embeddable":true,"href":"https:\/\/moda.covermagazin.com\/index.php?rest_route=%2Fwp%2Fv2%2Fcomments&post=16461"}],"version-history":[{"count":4,"href":"https:\/\/moda.covermagazin.com\/index.php?rest_route=\/wp\/v2\/posts\/16461\/revisions"}],"predecessor-version":[{"id":16475,"href":"https:\/\/moda.covermagazin.com\/index.php?rest_route=\/wp\/v2\/posts\/16461\/revisions\/16475"}],"wp:attachment":[{"href":"https:\/\/moda.covermagazin.com\/index.php?rest_route=%2Fwp%2Fv2%2Fmedia&parent=16461"}],"wp:term":[{"taxonomy":"category","embeddable":true,"href":"https:\/\/moda.covermagazin.com\/index.php?rest_route=%2Fwp%2Fv2%2Fcategories&post=16461"},{"taxonomy":"post_tag","embeddable":true,"href":"https:\/\/moda.covermagazin.com\/index.php?rest_route=%2Fwp%2Fv2%2Ftags&post=16461"}],"curies":[{"name":"wp","href":"https:\/\/api.w.org\/{rel}","templated":true}]}}