{"id":15735,"date":"2021-02-05T06:15:43","date_gmt":"2021-02-05T04:15:43","guid":{"rendered":"http:\/\/moda.covermagazin.com\/?p=15735"},"modified":"2024-09-30T18:34:13","modified_gmt":"2024-09-30T16:34:13","slug":"frizure-koje-muskarci-vole","status":"publish","type":"post","link":"https:\/\/moda.covermagazin.com\/?p=15735","title":{"rendered":"Frizure koje mu\u0161karci vole"},"content":{"rendered":"<h3><a href=\"https:\/\/moda.covermagazin.com\/wp-content\/uploads\/2019\/04\/frizure_koje_muskarci_vole.jpg\"><img loading=\"lazy\" decoding=\"async\" class=\"alignnone size-full wp-image-28540\" src=\"https:\/\/moda.covermagazin.com\/wp-content\/uploads\/2019\/04\/frizure_koje_muskarci_vole.jpg\" alt=\"\" width=\"600\" height=\"400\" \/><\/a><\/h3>\n<h3>Frizure koje mu\u0161karci vole<\/h3>\n<p>Frizure koje se\u00a0 svi\u0111aju \u017eenama i frizure koje se svi\u0111aju mu\u0161karcima \u010desto su razli\u010dite. Primjerice, slatka kratka plava kosa na Michelle Williams odu\u0161evljava svaku djevojku, ali de\u010dki njom i nisu ba\u0161 odu\u0161evljeni.<\/p>\n<p>Ispod navodimo frizure koje se najvi\u0161e svi\u0111aju mu\u0161karcima iako se mnogim \u017eenama ne\u0107e svi\u0111ati zbog njihove neprakti\u010dnosti ili nemogu\u0107nosti odr\u017eavanja.<\/p>\n<p>-1- Boho valovita kosa<\/p>\n<p><a href=\"http:\/\/moda.covermagazin.com\/wp-content\/uploads\/2018\/01\/frizure_koje_muskarci_vole_2.jpg\"><img loading=\"lazy\" decoding=\"async\" class=\"alignnone size-full wp-image-24769\" src=\"http:\/\/moda.covermagazin.com\/wp-content\/uploads\/2018\/01\/frizure_koje_muskarci_vole_2.jpg\" alt=\"\" width=\"600\" height=\"683\" \/><\/a> <a href=\"http:\/\/moda.covermagazin.com\/wp-content\/uploads\/2018\/01\/frizure_koje_muskarci_vole_1.jpg\"><img loading=\"lazy\" decoding=\"async\" class=\"alignnone size-full wp-image-24770\" src=\"http:\/\/moda.covermagazin.com\/wp-content\/uploads\/2018\/01\/frizure_koje_muskarci_vole_1.jpg\" alt=\"\" width=\"600\" height=\"665\" \/><\/a><\/p>\n<p>-2- Sportski rep<\/p>\n<p><a href=\"http:\/\/moda.covermagazin.com\/wp-content\/uploads\/2018\/01\/frizure_koje_muskarci_vole_3.jpg\"><img loading=\"lazy\" decoding=\"async\" class=\"alignnone size-full wp-image-24768\" src=\"http:\/\/moda.covermagazin.com\/wp-content\/uploads\/2018\/01\/frizure_koje_muskarci_vole_3.jpg\" alt=\"\" width=\"600\" height=\"678\" \/><\/a> <a href=\"http:\/\/moda.covermagazin.com\/wp-content\/uploads\/2018\/01\/frizure_koje_muskarci_vole_4.jpg\"><img loading=\"lazy\" decoding=\"async\" class=\"alignnone size-full wp-image-24767\" src=\"http:\/\/moda.covermagazin.com\/wp-content\/uploads\/2018\/01\/frizure_koje_muskarci_vole_4.jpg\" alt=\"\" width=\"600\" height=\"675\" \/><\/a><\/p>\n<p>-3- Postupno \u0161i\u0161ana kosa koja uokviruje lice<\/p>\n<p><a href=\"http:\/\/moda.covermagazin.com\/wp-content\/uploads\/2018\/01\/frizure_koje_muskarci_vole_8.jpg\"><img loading=\"lazy\" decoding=\"async\" class=\"alignnone size-full wp-image-24763\" src=\"http:\/\/moda.covermagazin.com\/wp-content\/uploads\/2018\/01\/frizure_koje_muskarci_vole_8.jpg\" alt=\"\" width=\"600\" height=\"690\" \/><\/a> <a href=\"http:\/\/moda.covermagazin.com\/wp-content\/uploads\/2018\/01\/frizure_koje_muskarci_vole_7.jpg\"><img loading=\"lazy\" decoding=\"async\" class=\"alignnone size-full wp-image-24764\" src=\"http:\/\/moda.covermagazin.com\/wp-content\/uploads\/2018\/01\/frizure_koje_muskarci_vole_7.jpg\" alt=\"\" width=\"600\" height=\"667\" \/><\/a><\/p>\n<p>-4- Poluduga razbaru\u0161ena (kovr\u010dava) kosa<\/p>\n<p><a href=\"http:\/\/moda.covermagazin.com\/wp-content\/uploads\/2018\/01\/frizure_koje_muskarci_vole_5.jpg\"><img loading=\"lazy\" decoding=\"async\" class=\"alignnone size-full wp-image-24766\" src=\"http:\/\/moda.covermagazin.com\/wp-content\/uploads\/2018\/01\/frizure_koje_muskarci_vole_5.jpg\" alt=\"\" width=\"600\" height=\"708\" \/><\/a> <a href=\"http:\/\/moda.covermagazin.com\/wp-content\/uploads\/2018\/01\/frizure_koje_muskarci_vole_6.jpg\"><img loading=\"lazy\" decoding=\"async\" class=\"alignnone size-full wp-image-24765\" src=\"http:\/\/moda.covermagazin.com\/wp-content\/uploads\/2018\/01\/frizure_koje_muskarci_vole_6.jpg\" alt=\"\" width=\"600\" height=\"795\" \/><\/a><\/p>\n<p>-5- Duga ravna kosa<\/p>\n<p><a href=\"http:\/\/moda.covermagazin.com\/wp-content\/uploads\/2018\/01\/frizure_koje_muskarci_vole_9.jpg\"><img loading=\"lazy\" decoding=\"async\" class=\"alignnone size-full wp-image-24762\" src=\"http:\/\/moda.covermagazin.com\/wp-content\/uploads\/2018\/01\/frizure_koje_muskarci_vole_9.jpg\" alt=\"\" width=\"600\" height=\"692\" \/><\/a> <a href=\"http:\/\/moda.covermagazin.com\/wp-content\/uploads\/2018\/01\/frizure_koje_muskarci_vole_10.jpg\"><img loading=\"lazy\" decoding=\"async\" class=\"alignnone size-full wp-image-24761\" src=\"http:\/\/moda.covermagazin.com\/wp-content\/uploads\/2018\/01\/frizure_koje_muskarci_vole_10.jpg\" alt=\"\" width=\"600\" height=\"901\" \/><\/a><\/p>\n","protected":false},"excerpt":{"rendered":"<p>Frizure koje mu\u0161karci vole Frizure koje se\u00a0 svi\u0111aju \u017eenama i frizure koje se svi\u0111aju mu\u0161karcima \u010desto su razli\u010dite. Primjerice, slatka kratka plava kosa na Michelle Williams odu\u0161evljava svaku djevojku, ali de\u010dki njom i nisu ba\u0161 odu\u0161evljeni. Ispod navodimo frizure koje se najvi\u0161e svi\u0111aju mu\u0161karcima iako se mnogim \u017eenama ne\u0107e svi\u0111ati zbog njihove neprakti\u010dnosti ili nemogu\u0107nosti [&hellip;]<\/p>\n","protected":false},"author":1,"featured_media":0,"comment_status":"open","ping_status":"open","sticky":false,"template":"","format":"standard","meta":{"footnotes":""},"categories":[4,1043],"tags":[1085,1197,1198,1081,1196],"class_list":["post-15735","post","type-post","status-publish","format-standard","hentry","category-frizure_poznatih","category-moda-2018","tag-frizure","tag-moderne-frizure-za-dugu-kosu","tag-moderne-frizure-za-poludugu-kosu","tag-moderne-frizure","tag-moderne-kratke-frizure"],"_links":{"self":[{"href":"https:\/\/moda.covermagazin.com\/index.php?rest_route=\/wp\/v2\/posts\/15735","targetHints":{"allow":["GET"]}}],"collection":[{"href":"https:\/\/moda.covermagazin.com\/index.php?rest_route=\/wp\/v2\/posts"}],"about":[{"href":"https:\/\/moda.covermagazin.com\/index.php?rest_route=\/wp\/v2\/types\/post"}],"author":[{"embeddable":true,"href":"https:\/\/moda.covermagazin.com\/index.php?rest_route=\/wp\/v2\/users\/1"}],"replies":[{"embeddable":true,"href":"https:\/\/moda.covermagazin.com\/index.php?rest_route=%2Fwp%2Fv2%2Fcomments&post=15735"}],"version-history":[{"count":8,"href":"https:\/\/moda.covermagazin.com\/index.php?rest_route=\/wp\/v2\/posts\/15735\/revisions"}],"predecessor-version":[{"id":48356,"href":"https:\/\/moda.covermagazin.com\/index.php?rest_route=\/wp\/v2\/posts\/15735\/revisions\/48356"}],"wp:attachment":[{"href":"https:\/\/moda.covermagazin.com\/index.php?rest_route=%2Fwp%2Fv2%2Fmedia&parent=15735"}],"wp:term":[{"taxonomy":"category","embeddable":true,"href":"https:\/\/moda.covermagazin.com\/index.php?rest_route=%2Fwp%2Fv2%2Fcategories&post=15735"},{"taxonomy":"post_tag","embeddable":true,"href":"https:\/\/moda.covermagazin.com\/index.php?rest_route=%2Fwp%2Fv2%2Ftags&post=15735"}],"curies":[{"name":"wp","href":"https:\/\/api.w.org\/{rel}","templated":true}]}}