{"id":15481,"date":"2013-01-10T11:00:29","date_gmt":"2013-01-10T09:00:29","guid":{"rendered":"http:\/\/moda.covermagazin.com\/?p=15481"},"modified":"2024-09-30T22:04:18","modified_gmt":"2024-09-30T20:04:18","slug":"top-trendovi-s-modnih-pista-za-proljece-2013","status":"publish","type":"post","link":"https:\/\/moda.covermagazin.com\/?p=15481","title":{"rendered":"Top trendovi s modnih pista za prolje\u0107e"},"content":{"rendered":"<h3><a href=\"http:\/\/moda.covermagazin.com\/wp-content\/uploads\/2013\/01\/trendovi-proljece-f.jpg\"><img loading=\"lazy\" decoding=\"async\" class=\"alignnone size-full wp-image-15482\" src=\"http:\/\/moda.covermagazin.com\/wp-content\/uploads\/2013\/01\/trendovi-proljece-f.jpg\" alt=\"trendovi-proljece-f\" width=\"420\" height=\"470\" \/><\/a><\/h3>\n<h3>Top trendovi s modnih pista za prolje\u0107e<\/h3>\n<p>Iako su u du\u0107anima jo\u0161 uvijek sni\u017eenja na jesenske i zimske kolekcije, dobro je pogledati \u0161to \u0107e biti moderno ovo prolje\u0107e i ljeto.<\/p>\n<p>Apsolutni hit je smaragdna boja. Ve\u0107ina dizajnera imala ju je u svojim kolekcijama. Tako\u0111er moderne su sve tirkizne me\u0111unijanse od plave prema smaragdnoj.<\/p>\n<p>Maksi haljine toliko su udobne i \u017eene ih vole, da ni ove sezone ne izlaze iz mode, s tim da se cvjetne haljine i haljine s uzorcima ne\u0161to manje nose, a moderniji odabir su haljine na kojima se prelijeva boja i apstraktni uzorci u komplementarnim bojama.<\/p>\n<p>Ako volite cvjetni uzorak, moderni su skoro neutralni ili jednobojni, a posebno \u010dipka, ili tkanine koje nalikuju na \u010dipku, primjerice vezeni til.<\/p>\n<p>\u017dene koje vole pokazivati dekolte \u0107e se razo\u010darati ove sezone. Nagla\u0161enost grudi se smanjuje, a kragne postaju modernije od dubokih izreza.<\/p>\n<p>S druge strane, pokazivanje trbuha i kratke majice su ponovno \u201eIN\u201c. To ne\u0107e razveseliti majke srednjo\u0161kolki, ali topovi, posebno na uske suknje su pravi hit.<\/p>\n<p>Ralph Lauren je predstavio kolekciju inspiriranu toreadorima pa \u0107e biti moderna i odje\u0107a u tom stilu.<\/p>\n<p><a href=\"http:\/\/moda.covermagazin.com\/wp-content\/uploads\/2013\/01\/trendovi-proljece-1.jpg\"><img loading=\"lazy\" decoding=\"async\" class=\"alignnone size-full wp-image-15483\" src=\"http:\/\/moda.covermagazin.com\/wp-content\/uploads\/2013\/01\/trendovi-proljece-1.jpg\" alt=\"Top trendovi s modnih pista za prolje\u0107e 2013.\" width=\"600\" height=\"451\" \/><\/a> <a href=\"http:\/\/moda.covermagazin.com\/wp-content\/uploads\/2013\/01\/trendovi-proljece-2.jpg\"><img loading=\"lazy\" decoding=\"async\" class=\"alignnone size-full wp-image-15484\" src=\"http:\/\/moda.covermagazin.com\/wp-content\/uploads\/2013\/01\/trendovi-proljece-2.jpg\" alt=\"Top trendovi s modnih pista za prolje\u0107e 2013.\" width=\"600\" height=\"451\" \/><\/a> <a href=\"http:\/\/moda.covermagazin.com\/wp-content\/uploads\/2013\/01\/trendovi-proljece-3.jpg\"><img loading=\"lazy\" decoding=\"async\" class=\"alignnone size-full wp-image-15485\" src=\"http:\/\/moda.covermagazin.com\/wp-content\/uploads\/2013\/01\/trendovi-proljece-3.jpg\" alt=\"Top trendovi s modnih pista za prolje\u0107e 2013.\" width=\"600\" height=\"451\" \/><\/a> <a href=\"http:\/\/moda.covermagazin.com\/wp-content\/uploads\/2013\/01\/trendovi-proljece-4.jpg\"><img loading=\"lazy\" decoding=\"async\" class=\"alignnone size-full wp-image-15486\" src=\"http:\/\/moda.covermagazin.com\/wp-content\/uploads\/2013\/01\/trendovi-proljece-4.jpg\" alt=\"Top trendovi s modnih pista za prolje\u0107e 2013.\" width=\"600\" height=\"451\" \/><\/a> <a href=\"http:\/\/moda.covermagazin.com\/wp-content\/uploads\/2013\/01\/trendovi-proljece-51.jpg\"><img loading=\"lazy\" decoding=\"async\" class=\"alignnone size-full wp-image-15488\" src=\"http:\/\/moda.covermagazin.com\/wp-content\/uploads\/2013\/01\/trendovi-proljece-51.jpg\" alt=\"Top trendovi s modnih pista za prolje\u0107e 2013.\" width=\"600\" height=\"451\" \/><\/a> <a href=\"http:\/\/moda.covermagazin.com\/wp-content\/uploads\/2013\/01\/trendovi-proljece-6.jpg\"><img loading=\"lazy\" decoding=\"async\" class=\"alignnone size-full wp-image-15487\" src=\"http:\/\/moda.covermagazin.com\/wp-content\/uploads\/2013\/01\/trendovi-proljece-6.jpg\" alt=\"Top trendovi s modnih pista za prolje\u0107e 2013.\" width=\"600\" height=\"368\" \/><\/a><\/p>\n<p>&nbsp;<\/p>\n","protected":false},"excerpt":{"rendered":"<p>Top trendovi s modnih pista za prolje\u0107e Iako su u du\u0107anima jo\u0161 uvijek sni\u017eenja na jesenske i zimske kolekcije, dobro je pogledati \u0161to \u0107e biti moderno ovo prolje\u0107e i ljeto. Apsolutni hit je smaragdna boja. Ve\u0107ina dizajnera imala ju je u svojim kolekcijama. Tako\u0111er moderne su sve tirkizne me\u0111unijanse od plave prema smaragdnoj. Maksi haljine [&hellip;]<\/p>\n","protected":false},"author":1,"featured_media":0,"comment_status":"open","ping_status":"open","sticky":false,"template":"","format":"standard","meta":{"footnotes":""},"categories":[3],"tags":[1207,1159,1209,1127,1129,1141,1142,1145,1101],"class_list":["post-15481","post","type-post","status-publish","format-standard","hentry","category-modni_trendovi","tag-cipkaste-haljine","tag-dizajnerske-haljine","tag-haljine","tag-haljine-za-ljeto","tag-kratke-haljine","tag-majice","tag-moderne-majice","tag-moderne-suknje","tag-suknje"],"_links":{"self":[{"href":"https:\/\/moda.covermagazin.com\/index.php?rest_route=\/wp\/v2\/posts\/15481","targetHints":{"allow":["GET"]}}],"collection":[{"href":"https:\/\/moda.covermagazin.com\/index.php?rest_route=\/wp\/v2\/posts"}],"about":[{"href":"https:\/\/moda.covermagazin.com\/index.php?rest_route=\/wp\/v2\/types\/post"}],"author":[{"embeddable":true,"href":"https:\/\/moda.covermagazin.com\/index.php?rest_route=\/wp\/v2\/users\/1"}],"replies":[{"embeddable":true,"href":"https:\/\/moda.covermagazin.com\/index.php?rest_route=%2Fwp%2Fv2%2Fcomments&post=15481"}],"version-history":[{"count":4,"href":"https:\/\/moda.covermagazin.com\/index.php?rest_route=\/wp\/v2\/posts\/15481\/revisions"}],"predecessor-version":[{"id":48871,"href":"https:\/\/moda.covermagazin.com\/index.php?rest_route=\/wp\/v2\/posts\/15481\/revisions\/48871"}],"wp:attachment":[{"href":"https:\/\/moda.covermagazin.com\/index.php?rest_route=%2Fwp%2Fv2%2Fmedia&parent=15481"}],"wp:term":[{"taxonomy":"category","embeddable":true,"href":"https:\/\/moda.covermagazin.com\/index.php?rest_route=%2Fwp%2Fv2%2Fcategories&post=15481"},{"taxonomy":"post_tag","embeddable":true,"href":"https:\/\/moda.covermagazin.com\/index.php?rest_route=%2Fwp%2Fv2%2Ftags&post=15481"}],"curies":[{"name":"wp","href":"https:\/\/api.w.org\/{rel}","templated":true}]}}