{"id":14638,"date":"2024-12-03T10:24:17","date_gmt":"2024-12-03T08:24:17","guid":{"rendered":"http:\/\/moda.covermagazin.com\/?p=14638"},"modified":"2024-12-19T13:02:05","modified_gmt":"2024-12-19T11:02:05","slug":"moderne-kape-za-zimu-20122013","status":"publish","type":"post","link":"https:\/\/moda.covermagazin.com\/?p=14638","title":{"rendered":"Moderne kape za zimu 2024\/2025. Dolce Gabbana"},"content":{"rendered":"\n<figure class=\"wp-block-image size-full\"><img decoding=\"async\" src=\"https:\/\/moda.covermagazin.com\/wp-content\/uploads\/2020\/11\/moderne-kape-visoka-moda-3.jpg\" alt=\"\" class=\"wp-image-50843\"\/><\/figure>\n\n\n\n<h3 class=\"wp-block-heading\">Moderne kape za zimu<\/h3>\n\n\n\n<p>Kape ve\u0107 nekoliko desetlje\u0107a nisu nu\u017eno pokrivalo za glavu, nego modni dodatak koji \u010dini razliku izme\u0111u dobrog i lo\u0161eg stila. Kape mogu u trenutku popraviti izgled i pomo\u0107i vam da se istaknete iz mase. Kakve kape je u svojoj kolekciji za jesen &#8211; zimu  predstavio dizajnerski brand <strong>Dolce Gabbana<\/strong> pogledajte ispod. Iako beretke i kape \u0161ilterice uniformiranog izgleda nisu ovogodi\u0161nji street style must have, u kolekciji popularnog branda su takve kape dominirale. <\/p>\n\n\n\n<figure class=\"wp-block-image size-large\"><img decoding=\"async\" src=\"https:\/\/moda.covermagazin.com\/wp-content\/uploads\/2020\/11\/moderne-kape-visoka-moda-5.jpg\" alt=\"\" class=\"wp-image-50844\"\/><\/figure>\n\n\n\n<figure class=\"wp-block-image size-large\"><img decoding=\"async\" src=\"https:\/\/moda.covermagazin.com\/wp-content\/uploads\/2020\/11\/moderne-kape-visoka-moda-4.jpg\" alt=\"\" class=\"wp-image-50845\"\/><\/figure>\n\n\n\n<figure class=\"wp-block-image size-large\"><img decoding=\"async\" src=\"https:\/\/moda.covermagazin.com\/wp-content\/uploads\/2020\/11\/moderne-kape-visoka-moda-2.jpg\" alt=\"\" class=\"wp-image-50847\"\/><\/figure>\n\n\n\n<figure class=\"wp-block-image size-large\"><img decoding=\"async\" src=\"https:\/\/moda.covermagazin.com\/wp-content\/uploads\/2020\/11\/moderne-kape-visoka-moda-1.jpg\" alt=\"\" class=\"wp-image-50846\"\/><\/figure>\n\n\n\n<p>&nbsp;<\/p>\n\n\n\n<p><strong>Vezano:<\/strong><\/p>\n\n\n\n<figure class=\"wp-block-embed is-type-wp-embed is-provider-moda wp-block-embed-moda\"><div class=\"wp-block-embed__wrapper\">\n<blockquote class=\"wp-embedded-content\" data-secret=\"arSDbqf1RT\"><a href=\"https:\/\/moda.covermagazin.com\/?p=24205\">Kakve kape su moderne ove zime<\/a><\/blockquote><iframe loading=\"lazy\" class=\"wp-embedded-content\" sandbox=\"allow-scripts\" security=\"restricted\" style=\"position: absolute; visibility: hidden;\" title=\"&#8220;Kakve kape su moderne ove zime&#8221; &#8212; Moda\" src=\"https:\/\/moda.covermagazin.com\/?p=24205&#038;embed=true#?secret=QsQeUTMqcT#?secret=arSDbqf1RT\" data-secret=\"arSDbqf1RT\" width=\"500\" height=\"282\" frameborder=\"0\" marginwidth=\"0\" marginheight=\"0\" scrolling=\"no\"><\/iframe>\n<\/div><\/figure>\n\n\n\n<p>&nbsp;<\/p>\n\n\n\n<p><\/p>\n","protected":false},"excerpt":{"rendered":"<p>Moderne kape za zimu Kape ve\u0107 nekoliko desetlje\u0107a nisu nu\u017eno pokrivalo za glavu, nego modni dodatak koji \u010dini razliku izme\u0111u dobrog i lo\u0161eg stila. Kape mogu u trenutku popraviti izgled i pomo\u0107i vam da se istaknete iz mase. Kakve kape je u svojoj kolekciji za jesen &#8211; zimu predstavio dizajnerski brand Dolce Gabbana pogledajte ispod. [&hellip;]<\/p>\n","protected":false},"author":1,"featured_media":0,"comment_status":"open","ping_status":"open","sticky":false,"template":"","format":"standard","meta":{"footnotes":""},"categories":[1043],"tags":[1227],"class_list":["post-14638","post","type-post","status-publish","format-standard","hentry","category-moda-2018","tag-moderne-kape"],"_links":{"self":[{"href":"https:\/\/moda.covermagazin.com\/index.php?rest_route=\/wp\/v2\/posts\/14638","targetHints":{"allow":["GET"]}}],"collection":[{"href":"https:\/\/moda.covermagazin.com\/index.php?rest_route=\/wp\/v2\/posts"}],"about":[{"href":"https:\/\/moda.covermagazin.com\/index.php?rest_route=\/wp\/v2\/types\/post"}],"author":[{"embeddable":true,"href":"https:\/\/moda.covermagazin.com\/index.php?rest_route=\/wp\/v2\/users\/1"}],"replies":[{"embeddable":true,"href":"https:\/\/moda.covermagazin.com\/index.php?rest_route=%2Fwp%2Fv2%2Fcomments&post=14638"}],"version-history":[{"count":10,"href":"https:\/\/moda.covermagazin.com\/index.php?rest_route=\/wp\/v2\/posts\/14638\/revisions"}],"predecessor-version":[{"id":50849,"href":"https:\/\/moda.covermagazin.com\/index.php?rest_route=\/wp\/v2\/posts\/14638\/revisions\/50849"}],"wp:attachment":[{"href":"https:\/\/moda.covermagazin.com\/index.php?rest_route=%2Fwp%2Fv2%2Fmedia&parent=14638"}],"wp:term":[{"taxonomy":"category","embeddable":true,"href":"https:\/\/moda.covermagazin.com\/index.php?rest_route=%2Fwp%2Fv2%2Fcategories&post=14638"},{"taxonomy":"post_tag","embeddable":true,"href":"https:\/\/moda.covermagazin.com\/index.php?rest_route=%2Fwp%2Fv2%2Ftags&post=14638"}],"curies":[{"name":"wp","href":"https:\/\/api.w.org\/{rel}","templated":true}]}}