{"id":14173,"date":"2012-09-06T09:29:22","date_gmt":"2012-09-06T07:29:22","guid":{"rendered":"http:\/\/moda.covermagazin.com\/?p=14173"},"modified":"2024-09-30T20:38:58","modified_gmt":"2024-09-30T18:38:58","slug":"frizure-za-2013-slike","status":"publish","type":"post","link":"https:\/\/moda.covermagazin.com\/?p=14173","title":{"rendered":"Frizure &#8211; slike &#8211;"},"content":{"rendered":"<h3><strong>Frizure | Moderne frizure\u00a0<\/strong><\/h3>\n<p>&nbsp;<\/p>\n<p><strong>Frizure za poludugu i dugu kosu<\/strong><\/p>\n<p>Uo\u010dljivi ukrasi u kosi<\/p>\n<p><a href=\"https:\/\/moda.covermagazin.com\/?p=23057\"><img loading=\"lazy\" decoding=\"async\" class=\"alignnone wp-image-14175 size-full\" title=\"frizure-2013-1-1\" src=\"https:\/\/moda.covermagazin.com\/wp-content\/uploads\/2012\/09\/frizure-2013-1-1.jpg\" alt=\"Frizure | Moderne frizure za 2013. \" width=\"284\" height=\"450\" \/><\/a><\/p>\n<p><a href=\"https:\/\/moda.covermagazin.com\/?p=23057\"><img loading=\"lazy\" decoding=\"async\" class=\"alignnone wp-image-14174 size-full\" title=\"frizure-2013-1\" src=\"https:\/\/moda.covermagazin.com\/wp-content\/uploads\/2012\/09\/frizure-2013-12.jpg\" alt=\"Frizure | Moderne frizure za 2013. \" width=\"294\" height=\"450\" \/><\/a><\/p>\n<p>Frizure | Moderne frizure<\/p>\n<p>Pufi retro frizure<\/p>\n<p><a href=\"https:\/\/moda.covermagazin.com\/?p=23057\"><img loading=\"lazy\" decoding=\"async\" class=\"alignnone wp-image-14176 size-full\" title=\"frizure-2013-2-1\" src=\"https:\/\/moda.covermagazin.com\/wp-content\/uploads\/2012\/09\/frizure-2013-2-1.jpg\" alt=\"Frizure | Moderne frizure za 2013. \" width=\"295\" height=\"450\" \/><\/a><\/p>\n<p><a href=\"https:\/\/moda.covermagazin.com\/?p=23057\"><img loading=\"lazy\" decoding=\"async\" class=\"alignnone wp-image-14177 size-full\" title=\"frizure-2013-2\" src=\"https:\/\/moda.covermagazin.com\/wp-content\/uploads\/2012\/09\/frizure-2013-21.jpg\" alt=\"Frizure | Moderne frizure za 2013. \" width=\"279\" height=\"450\" \/><\/a><\/p>\n<p>Frizure | Moderne frizure<\/p>\n<p>Ravne guste \u0161i\u0161ke<\/p>\n<p><a href=\"https:\/\/moda.covermagazin.com\/?p=23057\"><img loading=\"lazy\" decoding=\"async\" class=\"alignnone wp-image-14178 size-full\" title=\"frizure-2013-3-1\" src=\"https:\/\/moda.covermagazin.com\/wp-content\/uploads\/2012\/09\/frizure-2013-3-1.jpg\" alt=\"Frizure | Moderne frizure za 2013. \" width=\"300\" height=\"450\" \/><\/a><\/p>\n<p><a href=\"https:\/\/moda.covermagazin.com\/?p=23057\"><img loading=\"lazy\" decoding=\"async\" class=\"alignnone wp-image-14179 size-full\" title=\"frizure-2013-3\" src=\"https:\/\/moda.covermagazin.com\/wp-content\/uploads\/2012\/09\/frizure-2013-31.jpg\" alt=\"Frizure | Moderne frizure za 2013. \" width=\"276\" height=\"450\" \/><\/a><\/p>\n<p>Frizure | Moderne frizure<\/p>\n<p>Kombinacija pletenice s pu\u0161tenom kosom ili repom<\/p>\n<p><a href=\"https:\/\/moda.covermagazin.com\/?p=23057\"><img loading=\"lazy\" decoding=\"async\" class=\"alignnone wp-image-14180 size-full\" title=\"frizure-2013-4-1\" src=\"https:\/\/moda.covermagazin.com\/wp-content\/uploads\/2012\/09\/frizure-2013-4-1.jpg\" alt=\"Frizure | Moderne frizure za 2013. \" width=\"298\" height=\"450\" \/><\/a><\/p>\n<p><a href=\"https:\/\/moda.covermagazin.com\/?p=23057\"><img loading=\"lazy\" decoding=\"async\" class=\"alignnone wp-image-14181 size-full\" title=\"frizure-2013-4\" src=\"https:\/\/moda.covermagazin.com\/wp-content\/uploads\/2012\/09\/frizure-2013-41.jpg\" alt=\"Frizure | Moderne frizure za 2013. \" width=\"275\" height=\"450\" \/><\/a><\/p>\n<p>Frizure | Moderne frizure<\/p>\n<p>Klasi\u010dni rep<\/p>\n<p><a href=\"https:\/\/moda.covermagazin.com\/?p=23057\"><img loading=\"lazy\" decoding=\"async\" class=\"alignnone wp-image-14184 size-full\" title=\"frizure-2013-5-1\" src=\"https:\/\/moda.covermagazin.com\/wp-content\/uploads\/2012\/09\/frizure-2013-5-11.jpg\" alt=\"Frizure | Moderne frizure za 2013.\" width=\"297\" height=\"450\" \/><\/a><\/p>\n<p><a href=\"https:\/\/moda.covermagazin.com\/?p=23057\"><img loading=\"lazy\" decoding=\"async\" class=\"alignnone wp-image-14185 size-full\" title=\"frizure-2013-5\" src=\"https:\/\/moda.covermagazin.com\/wp-content\/uploads\/2012\/09\/frizure-2013-51.jpg\" alt=\"Frizure | Moderne frizure za 2013.\" width=\"277\" height=\"450\" \/><\/a><\/p>\n<p>Frizure | Moderne frizure<\/p>\n<p>Uvrnuta kosa sa strane u pun\u0111u<\/p>\n<p><a href=\"https:\/\/moda.covermagazin.com\/?p=23057\"><img loading=\"lazy\" decoding=\"async\" class=\"alignnone wp-image-14186 size-full\" title=\"frizure-2013-6-1\" src=\"https:\/\/moda.covermagazin.com\/wp-content\/uploads\/2012\/09\/frizure-2013-6-1.jpg\" alt=\"Frizure | Moderne frizure za 2013. \" width=\"289\" height=\"450\" \/><\/a><\/p>\n<p><a href=\"https:\/\/moda.covermagazin.com\/?p=23057\"><img loading=\"lazy\" decoding=\"async\" class=\"alignnone wp-image-14187 size-full\" title=\"frizure-2013-6\" src=\"https:\/\/moda.covermagazin.com\/wp-content\/uploads\/2012\/09\/frizure-2013-61.jpg\" alt=\"Frizure | Moderne frizure za 2013.\" width=\"288\" height=\"450\" \/><\/a><\/p>\n<p>Frizure | Moderne frizure<\/p>\n<p>Uvrnuta kosa sa strane u polurep<\/p>\n<p><a href=\"https:\/\/moda.covermagazin.com\/?p=23057\"><img loading=\"lazy\" decoding=\"async\" class=\"alignnone wp-image-14188 size-full\" title=\"frizure-2013-7-1\" src=\"https:\/\/moda.covermagazin.com\/wp-content\/uploads\/2012\/09\/frizure-2013-7-1.jpg\" alt=\"Frizure | Moderne frizure za 2013.\" width=\"287\" height=\"450\" \/><\/a><\/p>\n<p><a href=\"https:\/\/moda.covermagazin.com\/?p=23057\"><img loading=\"lazy\" decoding=\"async\" class=\"alignnone wp-image-14189 size-full\" title=\"frizure-2013-7\" src=\"https:\/\/moda.covermagazin.com\/wp-content\/uploads\/2012\/09\/frizure-2013-71.jpg\" alt=\"Frizure | Moderne frizure za 2013.\" width=\"288\" height=\"450\" \/><\/a><br \/>\nFrizure | Moderne frizure<\/p>\n<p>Pun\u0111e ukra\u0161ene ukosnicama<\/p>\n<p><a href=\"https:\/\/moda.covermagazin.com\/?p=23057\"><img loading=\"lazy\" decoding=\"async\" class=\"alignnone wp-image-14190 size-full\" title=\"frizure-2013-8-1\" src=\"https:\/\/moda.covermagazin.com\/wp-content\/uploads\/2012\/09\/frizure-2013-8-1.jpg\" alt=\"Frizure | Moderne frizure za 2013.\" width=\"307\" height=\"400\" \/><\/a><\/p>\n<p><a href=\"https:\/\/moda.covermagazin.com\/?p=23057\"><img loading=\"lazy\" decoding=\"async\" class=\"alignnone wp-image-14191 size-full\" title=\"frizure-2013-8\" src=\"https:\/\/moda.covermagazin.com\/wp-content\/uploads\/2012\/09\/frizure-2013-81.jpg\" alt=\"Frizure | Moderne frizure za 2013.\" width=\"267\" height=\"400\" \/><\/a><\/p>\n<p>Frizure | Moderne frizure<\/p>\n<p>Lagano valovita kosa koja se doima neuredno<\/p>\n<p><a href=\"https:\/\/moda.covermagazin.com\/?p=23057\"><img loading=\"lazy\" decoding=\"async\" class=\"alignnone wp-image-14192 size-full\" title=\"frizure-2013-9-1\" src=\"https:\/\/moda.covermagazin.com\/wp-content\/uploads\/2012\/09\/frizure-2013-9-1.jpg\" alt=\"Frizure | Moderne frizure za 2013.\" width=\"289\" height=\"400\" \/><\/a><\/p>\n<p><a href=\"https:\/\/moda.covermagazin.com\/?p=23057\"><img loading=\"lazy\" decoding=\"async\" class=\"alignnone wp-image-14193 size-full\" title=\"frizure-2013-9\" src=\"https:\/\/moda.covermagazin.com\/wp-content\/uploads\/2012\/09\/frizure-2013-91.jpg\" alt=\"Frizure | Moderne frizure za 2013.\" width=\"277\" height=\"400\" \/><\/a><\/p>\n<p>Frizure | Moderne frizure<\/p>\n<p>Kosa na stranu<\/p>\n<p><a href=\"https:\/\/moda.covermagazin.com\/?p=23057\"><img loading=\"lazy\" decoding=\"async\" class=\"alignnone wp-image-14194 size-full\" title=\"frizure-2013-10-1\" src=\"https:\/\/moda.covermagazin.com\/wp-content\/uploads\/2012\/09\/frizure-2013-10-11.jpg\" alt=\"Frizure | Moderne frizure za 2013.\" width=\"288\" height=\"450\" \/><\/a><\/p>\n<p><a href=\"https:\/\/moda.covermagazin.com\/?p=23057\"><img loading=\"lazy\" decoding=\"async\" class=\"alignnone wp-image-14195 size-full\" title=\"frizure-2013-10\" src=\"https:\/\/moda.covermagazin.com\/wp-content\/uploads\/2012\/09\/frizure-2013-101.jpg\" alt=\"Frizure | Moderne frizure za 2013.\" width=\"286\" height=\"450\" \/><\/a><\/p>\n<p>Frizure | Moderne frizure<\/p>\n<p><strong>Frizure za poludugu i kratku kosu<\/strong><\/p>\n<p>Kratka razbaru\u0161ena kosa<\/p>\n<p>&nbsp;<\/p>\n<p><a href=\"https:\/\/moda.covermagazin.com\/?p=23057\"><img loading=\"lazy\" decoding=\"async\" class=\"alignnone wp-image-14196 size-full\" title=\"frizure-2013-11-1\" src=\"https:\/\/moda.covermagazin.com\/wp-content\/uploads\/2012\/09\/frizure-2013-11-1.jpg\" alt=\"Frizure | Moderne frizure za 2013.\" width=\"297\" height=\"450\" \/><\/a><\/p>\n<p><a href=\"https:\/\/moda.covermagazin.com\/?p=23057\"><img loading=\"lazy\" decoding=\"async\" class=\"alignnone wp-image-14197 size-full\" title=\"frizure-2013-11\" src=\"https:\/\/moda.covermagazin.com\/wp-content\/uploads\/2012\/09\/frizure-2013-111.jpg\" alt=\"Frizure | Moderne frizure za 2013.\" width=\"276\" height=\"450\" \/><\/a><\/p>\n<p>Frizure | Moderne frizure<\/p>\n<p>Bob sa \u0161i\u0161kama ili bez<\/p>\n<p><a href=\"https:\/\/moda.covermagazin.com\/?p=23057\"><img loading=\"lazy\" decoding=\"async\" class=\"alignnone wp-image-14198 size-full\" title=\"frizure-2013-13-1\" src=\"https:\/\/moda.covermagazin.com\/wp-content\/uploads\/2012\/09\/frizure-2013-13-1.jpg\" alt=\"Frizure | Moderne frizure za 2013.\" width=\"299\" height=\"450\" \/><\/a><\/p>\n<p><a href=\"https:\/\/moda.covermagazin.com\/?p=23057\"><img loading=\"lazy\" decoding=\"async\" class=\"alignnone wp-image-14199 size-full\" title=\"frizure-2013-13\" src=\"https:\/\/moda.covermagazin.com\/wp-content\/uploads\/2012\/09\/frizure-2013-132.jpg\" alt=\"Frizure | Moderne frizure za 2013.\" width=\"277\" height=\"450\" \/><\/a><br \/>\nFrizure | Moderne frizure<\/p>\n<p>\u0160i\u0161ke u stranu<\/p>\n<p><a href=\"https:\/\/moda.covermagazin.com\/?p=23057\"><img loading=\"lazy\" decoding=\"async\" class=\"alignnone wp-image-14200 size-full\" title=\"frizure-2013-14-1\" src=\"https:\/\/moda.covermagazin.com\/wp-content\/uploads\/2012\/09\/frizure-2013-14-1.jpg\" alt=\"Frizure | Moderne frizure za 2013.\" width=\"279\" height=\"450\" \/><\/a><\/p>\n<p><a href=\"https:\/\/moda.covermagazin.com\/?p=23057\"><img loading=\"lazy\" decoding=\"async\" class=\"alignnone wp-image-14201 size-full\" title=\"frizure-2013-14\" src=\"https:\/\/moda.covermagazin.com\/wp-content\/uploads\/2012\/09\/frizure-2013-141.jpg\" alt=\"Frizure | Moderne frizure za 2013.\" width=\"296\" height=\"450\" \/><\/a><\/p>\n<p>Frizure | Moderne frizure<\/p>\n<p>Geometrijske \u0161i\u0161ke<\/p>\n<p><a href=\"https:\/\/moda.covermagazin.com\/?p=23057\"><img loading=\"lazy\" decoding=\"async\" class=\"alignnone wp-image-14202 size-full\" title=\"frizure-2013-15-1\" src=\"https:\/\/moda.covermagazin.com\/wp-content\/uploads\/2012\/09\/frizure-2013-15-1.jpg\" alt=\"Frizure | Moderne frizure za 2013.\" width=\"290\" height=\"450\" \/><\/a><\/p>\n<p><a href=\"https:\/\/moda.covermagazin.com\/?p=23057\"><img loading=\"lazy\" decoding=\"async\" class=\"alignnone wp-image-14203 size-full\" title=\"frizure-2013-15\" src=\"https:\/\/moda.covermagazin.com\/wp-content\/uploads\/2012\/09\/frizure-2013-151.jpg\" alt=\"Frizure | Moderne frizure za 2013. \" width=\"285\" height=\"450\" \/><\/a><\/p>\n<p>Frizure | Moderne frizure<\/p>\n","protected":false},"excerpt":{"rendered":"<p>Frizure | Moderne frizure\u00a0 &nbsp; Frizure za poludugu i dugu kosu Uo\u010dljivi ukrasi u kosi Frizure | Moderne frizure Pufi retro frizure Frizure | Moderne frizure Ravne guste \u0161i\u0161ke Frizure | Moderne frizure Kombinacija pletenice s pu\u0161tenom kosom ili repom Frizure | Moderne frizure Klasi\u010dni rep Frizure | Moderne frizure Uvrnuta kosa sa strane u [&hellip;]<\/p>\n","protected":false},"author":1,"featured_media":0,"comment_status":"open","ping_status":"open","sticky":false,"template":"","format":"standard","meta":{"footnotes":""},"categories":[4],"tags":[1085,1080,1319,1081,1326],"class_list":["post-14173","post","type-post","status-publish","format-standard","hentry","category-frizure_poznatih","tag-frizure","tag-frizure-2016","tag-bob-frizure","tag-moderne-frizure","tag-poluduge-frizure"],"_links":{"self":[{"href":"https:\/\/moda.covermagazin.com\/index.php?rest_route=\/wp\/v2\/posts\/14173","targetHints":{"allow":["GET"]}}],"collection":[{"href":"https:\/\/moda.covermagazin.com\/index.php?rest_route=\/wp\/v2\/posts"}],"about":[{"href":"https:\/\/moda.covermagazin.com\/index.php?rest_route=\/wp\/v2\/types\/post"}],"author":[{"embeddable":true,"href":"https:\/\/moda.covermagazin.com\/index.php?rest_route=\/wp\/v2\/users\/1"}],"replies":[{"embeddable":true,"href":"https:\/\/moda.covermagazin.com\/index.php?rest_route=%2Fwp%2Fv2%2Fcomments&post=14173"}],"version-history":[{"count":8,"href":"https:\/\/moda.covermagazin.com\/index.php?rest_route=\/wp\/v2\/posts\/14173\/revisions"}],"predecessor-version":[{"id":48549,"href":"https:\/\/moda.covermagazin.com\/index.php?rest_route=\/wp\/v2\/posts\/14173\/revisions\/48549"}],"wp:attachment":[{"href":"https:\/\/moda.covermagazin.com\/index.php?rest_route=%2Fwp%2Fv2%2Fmedia&parent=14173"}],"wp:term":[{"taxonomy":"category","embeddable":true,"href":"https:\/\/moda.covermagazin.com\/index.php?rest_route=%2Fwp%2Fv2%2Fcategories&post=14173"},{"taxonomy":"post_tag","embeddable":true,"href":"https:\/\/moda.covermagazin.com\/index.php?rest_route=%2Fwp%2Fv2%2Ftags&post=14173"}],"curies":[{"name":"wp","href":"https:\/\/api.w.org\/{rel}","templated":true}]}}