{"id":14149,"date":"2012-09-05T10:09:35","date_gmt":"2012-09-05T08:09:35","guid":{"rendered":"http:\/\/moda.covermagazin.com\/?p=14149"},"modified":"2024-09-30T20:39:02","modified_gmt":"2024-09-30T18:39:02","slug":"trendovi-frizura-za-jesen-zimu-2012-2013","status":"publish","type":"post","link":"https:\/\/moda.covermagazin.com\/?p=14149","title":{"rendered":"Trendovi frizura za jesen \u2013 zimu"},"content":{"rendered":"<h3><a href=\"https:\/\/moda.covermagazin.com\/?p=23057\"><img loading=\"lazy\" decoding=\"async\" class=\"alignnone wp-image-14150 size-full\" title=\"frizure-2013-0\" src=\"https:\/\/moda.covermagazin.com\/wp-content\/uploads\/2012\/09\/frizure-2013-0.jpg\" alt=\"Frizure | Moderne frizure za 2013. \" width=\"580\" height=\"548\" \/><\/a><\/h3>\n<h3>Trendovi frizura za jesen \u2013 zimu<\/h3>\n<p>Ako tra\u017eite novu frizuru za hladnije jesensko i zimsko vrijeme, sada je pravi trenutak za odluku.<\/p>\n<p>Od modnih pista, backstagea, do crvenih tepiha, donosimo vam najpopularnije trendove frizura.<\/p>\n<p>Duga kosa je mnogo popularnija, te su moderne frizure uglavnom s dugom kosom.<\/p>\n<p>Ovosezonske moderne frizure ne\u0161to su opu\u0161tenije od frizura pro\u0161lih sezona, a osim mode, pri odabiru uzmite u obzir lako\u0107u namje\u0161tanja, te va\u0161e crte lica. Obratite pa\u017enju da pun\u0111e zamjenjuje rep, a ako se odlu\u010dite za pun\u0111u\u00a0 tada je trebate ukrasiti s mnogo ukosnica, koje su u svakom slu\u010daju modernije nego pro\u0161lih sezona.<\/p>\n<p>Pletenice u kosi zamjenjuju pramenovi uvrnuti oko svoje osi, iako u modi ostaju pletenice, ali kao pojedina\u010dni ukras.<\/p>\n<p>Ipak, ako volite kratku kosu, postoje zanimljive frizure i za vas. Iako su bob i o\u0161tre linije jo\u0161 uvijek prisutne, ve\u0107ina kolekcija je ne\u0161to \u017eenstvenija. Razbaru\u0161ena i lagano valovita kratka kosa, sa \u0161i\u0161kama u stranu, najmoderniji su odabir za kratku kosu ove sezone.<\/p>\n<p><strong>Frizure za poludugu i dugu kosu<\/strong><\/p>\n<p>Uo\u010dljivi ukrasi u kosi<\/p>\n<p><a href=\"https:\/\/moda.covermagazin.com\/?p=23057\"><img loading=\"lazy\" decoding=\"async\" class=\"alignnone wp-image-14151 size-full\" title=\"frizure-2013-1\" src=\"https:\/\/moda.covermagazin.com\/wp-content\/uploads\/2012\/09\/frizure-2013-1.jpg\" alt=\"Frizure | Moderne frizure za 2013. \" width=\"580\" height=\"450\" \/><\/a><\/p>\n<p>Pufi retro frizure<\/p>\n<p><a href=\"https:\/\/moda.covermagazin.com\/?p=23057\"><img loading=\"lazy\" decoding=\"async\" class=\"alignnone wp-image-14152 size-full\" title=\"frizure-2013-2\" src=\"https:\/\/moda.covermagazin.com\/wp-content\/uploads\/2012\/09\/frizure-2013-2.jpg\" alt=\"Frizure | Moderne frizure za 2013. \" width=\"580\" height=\"450\" \/><\/a><\/p>\n<p>Ravne guste \u0161i\u0161ke<\/p>\n<p><a href=\"https:\/\/moda.covermagazin.com\/?p=23057\"><img loading=\"lazy\" decoding=\"async\" class=\"alignnone wp-image-14153 size-full\" title=\"frizure-2013-3\" src=\"https:\/\/moda.covermagazin.com\/wp-content\/uploads\/2012\/09\/frizure-2013-3.jpg\" alt=\"Frizure | Moderne frizure za 2013. \" width=\"580\" height=\"450\" \/><\/a><\/p>\n<p>Kombinacija pletenice s pu\u0161tenom kosom ili repom<\/p>\n<p><a href=\"https:\/\/moda.covermagazin.com\/?p=23057\"><img loading=\"lazy\" decoding=\"async\" class=\"alignnone wp-image-14154 size-full\" title=\"frizure-2013-4\" src=\"https:\/\/moda.covermagazin.com\/wp-content\/uploads\/2012\/09\/frizure-2013-4.jpg\" alt=\"Frizure | Moderne frizure za 2013. \" width=\"580\" height=\"450\" \/><\/a><\/p>\n<p>Klasi\u010dni rep<\/p>\n<p><a href=\"https:\/\/moda.covermagazin.com\/?p=23057\"><img loading=\"lazy\" decoding=\"async\" class=\"alignnone wp-image-14155 size-full\" title=\"frizure-2013-5\" src=\"https:\/\/moda.covermagazin.com\/wp-content\/uploads\/2012\/09\/frizure-2013-5.jpg\" alt=\"Frizure | Moderne frizure za 2013. \" width=\"580\" height=\"450\" \/><\/a><\/p>\n<p>Uvrnuta kosa sa strane u pun\u0111u<\/p>\n<p><a href=\"https:\/\/moda.covermagazin.com\/?p=23057\"><img loading=\"lazy\" decoding=\"async\" class=\"alignnone wp-image-14156 size-full\" title=\"frizure-2013-6\" src=\"https:\/\/moda.covermagazin.com\/wp-content\/uploads\/2012\/09\/frizure-2013-6.jpg\" alt=\"Frizure | Moderne frizure za 2013. \" width=\"580\" height=\"450\" \/><\/a><\/p>\n<p>Uvrnuta kosa sa strane u polurep<\/p>\n<p><a href=\"https:\/\/moda.covermagazin.com\/?p=23057\"><img loading=\"lazy\" decoding=\"async\" class=\"alignnone wp-image-14157 size-full\" title=\"frizure-2013-7\" src=\"https:\/\/moda.covermagazin.com\/wp-content\/uploads\/2012\/09\/frizure-2013-7.jpg\" alt=\"Frizure | Moderne frizure za 2013. \" width=\"580\" height=\"450\" \/><\/a><\/p>\n<p>Pun\u0111e ukra\u0161ene ukosnicama<\/p>\n<p><a href=\"https:\/\/moda.covermagazin.com\/?p=23057\"><img loading=\"lazy\" decoding=\"async\" class=\"alignnone wp-image-14158 size-full\" title=\"frizure-2013-8\" src=\"https:\/\/moda.covermagazin.com\/wp-content\/uploads\/2012\/09\/frizure-2013-8.jpg\" alt=\"Frizure | Moderne frizure za 2013. \" width=\"580\" height=\"400\" \/><\/a><\/p>\n<p>Lagano valovita kosa koja se doima neuredno<\/p>\n<p><a href=\"https:\/\/moda.covermagazin.com\/?p=23057\"><img loading=\"lazy\" decoding=\"async\" class=\"alignnone wp-image-14159 size-full\" title=\"frizure-2013-9\" src=\"https:\/\/moda.covermagazin.com\/wp-content\/uploads\/2012\/09\/frizure-2013-9.jpg\" alt=\"Frizure | Moderne frizure za 2013. \" width=\"580\" height=\"400\" \/><\/a><\/p>\n<p>Kosa na stranu<\/p>\n<p><a href=\"https:\/\/moda.covermagazin.com\/?p=23057\"><img loading=\"lazy\" decoding=\"async\" class=\"alignnone wp-image-14160 size-full\" title=\"frizure-2013-10\" src=\"https:\/\/moda.covermagazin.com\/wp-content\/uploads\/2012\/09\/frizure-2013-10.jpg\" alt=\"Frizure | Moderne frizure za 2013. \" width=\"580\" height=\"450\" \/><\/a><\/p>\n<p><strong>Frizure za poludugu i kratku kosu<\/strong><\/p>\n<p>Kratka razbaru\u0161ena kosa<\/p>\n<p><a href=\"https:\/\/moda.covermagazin.com\/?p=23057\"><img loading=\"lazy\" decoding=\"async\" class=\"alignnone wp-image-14161 size-full\" title=\"frizure-2013-11\" src=\"https:\/\/moda.covermagazin.com\/wp-content\/uploads\/2012\/09\/frizure-2013-11.jpg\" alt=\"Frizure | Moderne frizure za 2013. \" width=\"580\" height=\"450\" \/><\/a><\/p>\n<p>Bob sa \u0161i\u0161kama ili bez<\/p>\n<p><a href=\"https:\/\/moda.covermagazin.com\/?p=23057\"><img loading=\"lazy\" decoding=\"async\" class=\"alignnone wp-image-14162 size-full\" title=\"frizure-2013-13\" src=\"https:\/\/moda.covermagazin.com\/wp-content\/uploads\/2012\/09\/frizure-2013-13.jpg\" alt=\"Frizure | Moderne frizure za 2013. \" width=\"580\" height=\"450\" \/><\/a><\/p>\n<p>\u0160i\u0161ke u stranu<\/p>\n<p><a href=\"https:\/\/moda.covermagazin.com\/?p=23057\"><img loading=\"lazy\" decoding=\"async\" class=\"alignnone wp-image-14165 size-full\" title=\"frizure-2013-14\" src=\"https:\/\/moda.covermagazin.com\/wp-content\/uploads\/2012\/09\/frizure-2013-14.jpg\" alt=\"Frizure | Moderne frizure za 2013. \" width=\"580\" height=\"450\" \/><\/a><\/p>\n<p>Geometrijske \u0161i\u0161ke<\/p>\n<p><a href=\"https:\/\/moda.covermagazin.com\/?p=23057\"><img loading=\"lazy\" decoding=\"async\" class=\"alignnone wp-image-14164 size-full\" title=\"frizure-2013-15\" src=\"https:\/\/moda.covermagazin.com\/wp-content\/uploads\/2012\/09\/frizure-2013-15.jpg\" alt=\"Frizure | Moderne frizure za 2013. \" width=\"580\" height=\"450\" \/><\/a><\/p>\n","protected":false},"excerpt":{"rendered":"<p>Trendovi frizura za jesen \u2013 zimu Ako tra\u017eite novu frizuru za hladnije jesensko i zimsko vrijeme, sada je pravi trenutak za odluku. Od modnih pista, backstagea, do crvenih tepiha, donosimo vam najpopularnije trendove frizura. Duga kosa je mnogo popularnija, te su moderne frizure uglavnom s dugom kosom. Ovosezonske moderne frizure ne\u0161to su opu\u0161tenije od frizura [&hellip;]<\/p>\n","protected":false},"author":1,"featured_media":0,"comment_status":"open","ping_status":"open","sticky":false,"template":"","format":"standard","meta":{"footnotes":""},"categories":[4,3],"tags":[1085,1080,1319,1326],"class_list":["post-14149","post","type-post","status-publish","format-standard","hentry","category-frizure_poznatih","category-modni_trendovi","tag-frizure","tag-frizure-2016","tag-bob-frizure","tag-poluduge-frizure"],"_links":{"self":[{"href":"https:\/\/moda.covermagazin.com\/index.php?rest_route=\/wp\/v2\/posts\/14149","targetHints":{"allow":["GET"]}}],"collection":[{"href":"https:\/\/moda.covermagazin.com\/index.php?rest_route=\/wp\/v2\/posts"}],"about":[{"href":"https:\/\/moda.covermagazin.com\/index.php?rest_route=\/wp\/v2\/types\/post"}],"author":[{"embeddable":true,"href":"https:\/\/moda.covermagazin.com\/index.php?rest_route=\/wp\/v2\/users\/1"}],"replies":[{"embeddable":true,"href":"https:\/\/moda.covermagazin.com\/index.php?rest_route=%2Fwp%2Fv2%2Fcomments&post=14149"}],"version-history":[{"count":11,"href":"https:\/\/moda.covermagazin.com\/index.php?rest_route=\/wp\/v2\/posts\/14149\/revisions"}],"predecessor-version":[{"id":48550,"href":"https:\/\/moda.covermagazin.com\/index.php?rest_route=\/wp\/v2\/posts\/14149\/revisions\/48550"}],"wp:attachment":[{"href":"https:\/\/moda.covermagazin.com\/index.php?rest_route=%2Fwp%2Fv2%2Fmedia&parent=14149"}],"wp:term":[{"taxonomy":"category","embeddable":true,"href":"https:\/\/moda.covermagazin.com\/index.php?rest_route=%2Fwp%2Fv2%2Fcategories&post=14149"},{"taxonomy":"post_tag","embeddable":true,"href":"https:\/\/moda.covermagazin.com\/index.php?rest_route=%2Fwp%2Fv2%2Ftags&post=14149"}],"curies":[{"name":"wp","href":"https:\/\/api.w.org\/{rel}","templated":true}]}}