{"id":12513,"date":"2012-02-23T11:04:59","date_gmt":"2012-02-23T09:04:59","guid":{"rendered":"http:\/\/moda.covermagazin.com\/?p=12513"},"modified":"2024-09-30T18:11:07","modified_gmt":"2024-09-30T16:11:07","slug":"moderna-haljine-za-proljece-ljeto-2012","status":"publish","type":"post","link":"https:\/\/moda.covermagazin.com\/?p=12513","title":{"rendered":"Moderne haljine za prolje\u0107e \u2013 ljeto"},"content":{"rendered":"<h3>Moderne haljine za prolje\u0107e \u2013 ljeto<\/h3>\n<p>Te\u0161ko da i jedna \u017eena mo\u017ee pre\u017eivjeti ljetnu sezonu bez haljine, a ove godine dizajneri su predstavili toliki izbor haljina razli\u010dite duljine, stilova i boja, te tako omogu\u0107ili svakoj \u017eeni da prona\u0111e haljinu koju \u0107e stvarno voljeti nositi.<\/p>\n<p>Prozra\u010dne maksi haljine<\/p>\n<p><a href=\"http:\/\/moda.covermagazin.com\/wp-content\/uploads\/2012\/02\/haljine-1.jpg\"><img loading=\"lazy\" decoding=\"async\" class=\"alignnone size-full wp-image-12514\" title=\"haljine-1\" src=\"http:\/\/moda.covermagazin.com\/wp-content\/uploads\/2012\/02\/haljine-1.jpg\" alt=\"Moderna haljine za prolje\u0107e \u2013 ljeto 2012.\" width=\"450\" height=\"350\" \/><\/a><\/p>\n<p><a href=\"http:\/\/moda.covermagazin.com\/wp-content\/uploads\/2012\/02\/haljine-2.jpg\"><img loading=\"lazy\" decoding=\"async\" class=\"alignnone size-full wp-image-12515\" title=\"haljine-2\" src=\"http:\/\/moda.covermagazin.com\/wp-content\/uploads\/2012\/02\/haljine-2.jpg\" alt=\"Moderna haljine za prolje\u0107e \u2013 ljeto 2012.\" width=\"450\" height=\"350\" \/><\/a><\/p>\n<p>Mini haljine<\/p>\n<p><a href=\"http:\/\/moda.covermagazin.com\/wp-content\/uploads\/2012\/02\/haljine-3.jpg\"><img loading=\"lazy\" decoding=\"async\" class=\"alignnone size-full wp-image-12516\" title=\"haljine-3\" src=\"http:\/\/moda.covermagazin.com\/wp-content\/uploads\/2012\/02\/haljine-3.jpg\" alt=\"Moderna haljine za prolje\u0107e \u2013 ljeto 2012.\" width=\"450\" height=\"406\" \/><\/a><\/p>\n<p><a href=\"http:\/\/moda.covermagazin.com\/wp-content\/uploads\/2012\/02\/haljine-4.jpg\"><img loading=\"lazy\" decoding=\"async\" class=\"alignnone size-full wp-image-12517\" title=\"haljine-4\" src=\"http:\/\/moda.covermagazin.com\/wp-content\/uploads\/2012\/02\/haljine-4.jpg\" alt=\"Moderna haljine za prolje\u0107e \u2013 ljeto 2012.\" width=\"450\" height=\"383\" \/><\/a><\/p>\n<p>Midi haljine \u2013 du\u017eine do ispod koljena<\/p>\n<p><a href=\"http:\/\/moda.covermagazin.com\/wp-content\/uploads\/2012\/02\/haljine-5.jpg\"><img loading=\"lazy\" decoding=\"async\" class=\"alignnone size-full wp-image-12518\" title=\"haljine-5\" src=\"http:\/\/moda.covermagazin.com\/wp-content\/uploads\/2012\/02\/haljine-5.jpg\" alt=\"Moderna haljine za prolje\u0107e \u2013 ljeto 2012.\" width=\"450\" height=\"372\" \/><\/a><\/p>\n<p><a href=\"http:\/\/moda.covermagazin.com\/wp-content\/uploads\/2012\/02\/haljine-6.jpg\"><img loading=\"lazy\" decoding=\"async\" class=\"alignnone size-full wp-image-12519\" title=\"haljine-6\" src=\"http:\/\/moda.covermagazin.com\/wp-content\/uploads\/2012\/02\/haljine-6.jpg\" alt=\"Moderna haljine za prolje\u0107e \u2013 ljeto 2012.\" width=\"450\" height=\"395\" \/><\/a><\/p>\n<p>Metalik haljine<\/p>\n<p><a href=\"http:\/\/moda.covermagazin.com\/wp-content\/uploads\/2012\/02\/haljine-7.jpg\"><img loading=\"lazy\" decoding=\"async\" class=\"alignnone size-full wp-image-12520\" title=\"haljine-7\" src=\"http:\/\/moda.covermagazin.com\/wp-content\/uploads\/2012\/02\/haljine-7.jpg\" alt=\"Moderna haljine za prolje\u0107e \u2013 ljeto 2012.\" width=\"450\" height=\"386\" \/><\/a><\/p>\n<p><a href=\"http:\/\/moda.covermagazin.com\/wp-content\/uploads\/2012\/02\/haljine-8.jpg\"><img loading=\"lazy\" decoding=\"async\" class=\"alignnone size-full wp-image-12521\" title=\"haljine-8\" src=\"http:\/\/moda.covermagazin.com\/wp-content\/uploads\/2012\/02\/haljine-8.jpg\" alt=\"Moderna haljine za prolje\u0107e \u2013 ljeto 2012.\" width=\"450\" height=\"385\" \/><\/a><\/p>\n<p>Asimetri\u010dne<\/p>\n<p><a href=\"http:\/\/moda.covermagazin.com\/wp-content\/uploads\/2012\/02\/haljine-9.jpg\"><img loading=\"lazy\" decoding=\"async\" class=\"alignnone size-full wp-image-12522\" title=\"haljine-9\" src=\"http:\/\/moda.covermagazin.com\/wp-content\/uploads\/2012\/02\/haljine-9.jpg\" alt=\"Moderna haljine za prolje\u0107e \u2013 ljeto 2012.\" width=\"450\" height=\"359\" \/><\/a><\/p>\n<p><a href=\"http:\/\/moda.covermagazin.com\/wp-content\/uploads\/2012\/02\/haljine-10.jpg\"><img loading=\"lazy\" decoding=\"async\" class=\"alignnone size-full wp-image-12523\" title=\"haljine-10\" src=\"http:\/\/moda.covermagazin.com\/wp-content\/uploads\/2012\/02\/haljine-10.jpg\" alt=\"Moderna haljine za prolje\u0107e \u2013 ljeto 2012.\" width=\"450\" height=\"350\" \/><\/a><\/p>\n<p>Haljine cvjetnog uzorka<\/p>\n<p><a href=\"http:\/\/moda.covermagazin.com\/wp-content\/uploads\/2012\/02\/haljine-11.jpg\"><img loading=\"lazy\" decoding=\"async\" class=\"alignnone size-full wp-image-12524\" title=\"haljine-11\" src=\"http:\/\/moda.covermagazin.com\/wp-content\/uploads\/2012\/02\/haljine-11.jpg\" alt=\"Moderna haljine za prolje\u0107e \u2013 ljeto 2012.\" width=\"450\" height=\"402\" \/><\/a><br \/>\n<a href=\"http:\/\/moda.covermagazin.com\/wp-content\/uploads\/2012\/02\/haljine-12.jpg\"><img loading=\"lazy\" decoding=\"async\" class=\"alignnone size-full wp-image-12525\" title=\"haljine-12\" src=\"http:\/\/moda.covermagazin.com\/wp-content\/uploads\/2012\/02\/haljine-12.jpg\" alt=\"Moderna haljine za prolje\u0107e \u2013 ljeto 2012.\" width=\"450\" height=\"383\" \/><\/a><br \/>\n\u010cipkaste haljine<\/p>\n<p><a href=\"http:\/\/moda.covermagazin.com\/wp-content\/uploads\/2012\/02\/haljine-13.jpg\"><img loading=\"lazy\" decoding=\"async\" class=\"alignnone size-full wp-image-12526\" title=\"haljine-13\" src=\"http:\/\/moda.covermagazin.com\/wp-content\/uploads\/2012\/02\/haljine-13.jpg\" alt=\"Moderna haljine za prolje\u0107e \u2013 ljeto 2012.\" width=\"450\" height=\"386\" \/><\/a><\/p>\n<p><a href=\"http:\/\/moda.covermagazin.com\/wp-content\/uploads\/2012\/02\/haljine-14.jpg\"><img loading=\"lazy\" decoding=\"async\" class=\"alignnone size-full wp-image-12527\" title=\"haljine-14\" src=\"http:\/\/moda.covermagazin.com\/wp-content\/uploads\/2012\/02\/haljine-14.jpg\" alt=\"Moderna haljine za prolje\u0107e \u2013 ljeto 2012.\" width=\"450\" height=\"386\" \/><\/a><\/p>\n<p>Bijele haljine<\/p>\n<p><a href=\"http:\/\/moda.covermagazin.com\/wp-content\/uploads\/2012\/02\/haljine-16.jpg\"><img loading=\"lazy\" decoding=\"async\" class=\"alignnone size-full wp-image-12528\" title=\"haljine-16\" src=\"http:\/\/moda.covermagazin.com\/wp-content\/uploads\/2012\/02\/haljine-16.jpg\" alt=\"\" width=\"450\" height=\"392\" \/><\/a><\/p>\n<p><a href=\"http:\/\/moda.covermagazin.com\/wp-content\/uploads\/2012\/02\/haljine-15.jpg\"><img loading=\"lazy\" decoding=\"async\" class=\"alignnone size-full wp-image-12529\" title=\"haljine-15\" src=\"http:\/\/moda.covermagazin.com\/wp-content\/uploads\/2012\/02\/haljine-15.jpg\" alt=\"Haljine cvjetnog uzorka \" width=\"450\" height=\"371\" \/><\/a><\/p>\n<p>Volani<\/p>\n<p><a href=\"http:\/\/moda.covermagazin.com\/wp-content\/uploads\/2012\/02\/haljine-17.jpg\"><img loading=\"lazy\" decoding=\"async\" class=\"alignnone size-full wp-image-12530\" title=\"haljine-17\" src=\"http:\/\/moda.covermagazin.com\/wp-content\/uploads\/2012\/02\/haljine-17.jpg\" alt=\"Moderna haljine za prolje\u0107e \u2013 ljeto 2012.\" width=\"450\" height=\"389\" \/><\/a><\/p>\n<p><a href=\"http:\/\/moda.covermagazin.com\/wp-content\/uploads\/2012\/02\/haljine-18.jpg\"><img loading=\"lazy\" decoding=\"async\" class=\"alignnone size-full wp-image-12531\" title=\"haljine-18\" src=\"http:\/\/moda.covermagazin.com\/wp-content\/uploads\/2012\/02\/haljine-18.jpg\" alt=\"Moderna haljine za prolje\u0107e \u2013 ljeto 2012.\" width=\"450\" height=\"383\" \/><\/a><\/p>\n<p>Rese i nabori<\/p>\n<p><a href=\"http:\/\/moda.covermagazin.com\/wp-content\/uploads\/2012\/02\/haljine-19.jpg\"><img loading=\"lazy\" decoding=\"async\" class=\"alignnone size-full wp-image-12532\" title=\"haljine-19\" src=\"http:\/\/moda.covermagazin.com\/wp-content\/uploads\/2012\/02\/haljine-19.jpg\" alt=\"Moderna haljine za prolje\u0107e \u2013 ljeto 2012.\" width=\"450\" height=\"379\" \/><\/a><\/p>\n<p><a href=\"http:\/\/moda.covermagazin.com\/wp-content\/uploads\/2012\/02\/haljine-20.jpg\"><img loading=\"lazy\" decoding=\"async\" class=\"alignnone size-full wp-image-12533\" title=\"haljine-20\" src=\"http:\/\/moda.covermagazin.com\/wp-content\/uploads\/2012\/02\/haljine-20.jpg\" alt=\"\" width=\"450\" height=\"355\" \/><\/a><\/p>\n","protected":false},"excerpt":{"rendered":"<p>Moderne haljine za prolje\u0107e \u2013 ljeto Te\u0161ko da i jedna \u017eena mo\u017ee pre\u017eivjeti ljetnu sezonu bez haljine, a ove godine dizajneri su predstavili toliki izbor haljina razli\u010dite duljine, stilova i boja, te tako omogu\u0107ili svakoj \u017eeni da prona\u0111e haljinu koju \u0107e stvarno voljeti nositi. Prozra\u010dne maksi haljine Mini haljine Midi haljine \u2013 du\u017eine do ispod [&hellip;]<\/p>\n","protected":false},"author":1,"featured_media":0,"comment_status":"open","ping_status":"open","sticky":false,"template":"","format":"standard","meta":{"footnotes":""},"categories":[3],"tags":[1498,1207,1209,1200,1127,1126],"class_list":["post-12513","post","type-post","status-publish","format-standard","hentry","category-modni_trendovi","tag-bijele-haljine","tag-cipkaste-haljine","tag-haljine","tag-haljine-slike","tag-haljine-za-ljeto","tag-midi-haljine"],"_links":{"self":[{"href":"https:\/\/moda.covermagazin.com\/index.php?rest_route=\/wp\/v2\/posts\/12513","targetHints":{"allow":["GET"]}}],"collection":[{"href":"https:\/\/moda.covermagazin.com\/index.php?rest_route=\/wp\/v2\/posts"}],"about":[{"href":"https:\/\/moda.covermagazin.com\/index.php?rest_route=\/wp\/v2\/types\/post"}],"author":[{"embeddable":true,"href":"https:\/\/moda.covermagazin.com\/index.php?rest_route=\/wp\/v2\/users\/1"}],"replies":[{"embeddable":true,"href":"https:\/\/moda.covermagazin.com\/index.php?rest_route=%2Fwp%2Fv2%2Fcomments&post=12513"}],"version-history":[{"count":8,"href":"https:\/\/moda.covermagazin.com\/index.php?rest_route=\/wp\/v2\/posts\/12513\/revisions"}],"predecessor-version":[{"id":48262,"href":"https:\/\/moda.covermagazin.com\/index.php?rest_route=\/wp\/v2\/posts\/12513\/revisions\/48262"}],"wp:attachment":[{"href":"https:\/\/moda.covermagazin.com\/index.php?rest_route=%2Fwp%2Fv2%2Fmedia&parent=12513"}],"wp:term":[{"taxonomy":"category","embeddable":true,"href":"https:\/\/moda.covermagazin.com\/index.php?rest_route=%2Fwp%2Fv2%2Fcategories&post=12513"},{"taxonomy":"post_tag","embeddable":true,"href":"https:\/\/moda.covermagazin.com\/index.php?rest_route=%2Fwp%2Fv2%2Ftags&post=12513"}],"curies":[{"name":"wp","href":"https:\/\/api.w.org\/{rel}","templated":true}]}}