{"id":12483,"date":"2024-09-01T08:43:00","date_gmt":"2024-09-01T06:43:00","guid":{"rendered":"http:\/\/moda.covermagazin.com\/?p=12483"},"modified":"2024-12-05T09:58:41","modified_gmt":"2024-12-05T07:58:41","slug":"reorganizacija-ormara-u-5-koraka","status":"publish","type":"post","link":"https:\/\/moda.covermagazin.com\/?p=12483","title":{"rendered":"Reorganizacija ormara u 5 koraka"},"content":{"rendered":"\n<figure class=\"wp-block-image size-full\"><img decoding=\"async\" src=\"https:\/\/moda.covermagazin.com\/wp-content\/uploads\/2020\/11\/Reorganizacija-ormara-u-5-koraka.jpg\" alt=\"\" class=\"wp-image-49457\"\/><\/figure>\n\n\n\n<h3 class=\"wp-block-heading\">Reorganizacija ormara u 5 koraka<\/h3>\n\n\n\n<p>Ima li bolji na\u010din da do\u010dekate novu sezonu nego daju\u0107i svome ormaru svje\u017e po\u010detak. Dok se organizacija garderobe mo\u017ee&nbsp; \u010diniti kao previ\u0161e iscrpljuju\u0107i zadatak budete li slijedili ova pravila, imat \u0107ete funkcionalan ormar s malo truda.<\/p>\n\n\n\n<p><strong>-1- Minimalizirajte nered<\/strong><\/p>\n\n\n\n<p>Prvi korak je svo\u0111enje ormara na osnove. Jedan od velikih problema je previ\u0161e stvari. \u010cesto ormari postaju pretrpani, toliko da vi\u0161e ne mo\u017eete vizualizirati stvari. Kako biste ormar odr\u017eali funkcionalnim smanjite broj komada. Prona\u0111ite mjesto izvan ormara za modne dodatke, a ono \u0161to ne nosite spremite u skladi\u0161te ili donirajte.<\/p>\n\n\n\n<p><strong>-2- Budite iskreni o tome \u0161to nosite<\/strong><\/p>\n\n\n\n<p>Prosje\u010dan komad odje\u0107e ima \u017eivotni vijek od 5 godina, i to ako je dobre kvalitete. Ako ste kupili neku modernu stvar prije par godina i niste je nosili, \u0161anse su skoro nikakve da \u0107ete to nositi i u budu\u0107e.<\/p>\n\n\n\n<p><strong>-3- Sla\u017eite odje\u0107u prema sezoni<\/strong><\/p>\n\n\n\n<p>U ormar stavite ono \u0161to trenutno nosite, a izvansezonsku odje\u0107u spremite. Iz ormara izvadite odje\u0107u za koju znate da je ne\u0107ete nositi sljede\u0107ih nekoliko mjeseci. Na taj na\u010din u ormaru \u0107ete imati najbolje komade koje je lako kombinirati i nositi.<\/p>\n\n\n\n<p><strong>-4- Organizirajte kategoriju po kategoriju<\/strong><\/p>\n\n\n\n<p>Najbolje da odaberete npr. hla\u010de pa njih organizirate. Zatim se prebacite na suknje, pa ko\u0161ulje itd. Sporo selekcioniranje omogu\u0107it \u0107e vam i da utvrdite kvalitetu odje\u0107e, te izbacite ono \u0161to je uni\u0161teno.<\/p>\n\n\n\n<p><strong>-5- Organizirajte prema boji<\/strong><\/p>\n\n\n\n<p>Ako organizirate odje\u0107u prema boji imat \u0107ete vi\u0161e opcija za kombiniranje bez da kupujete nove stvari. Tako\u0111er, poslo\u017eite odje\u0107u od ve\u0107ih prema manjim komadima. Na taj na\u010din imat \u0107ete bolju preglednost, a otvorit \u0107e vam se neke nove kombinacije koje do tada niste uo\u010davali.<\/p>\n","protected":false},"excerpt":{"rendered":"<p>Reorganizacija ormara u 5 koraka Ima li bolji na\u010din da do\u010dekate novu sezonu nego daju\u0107i svome ormaru svje\u017e po\u010detak. Dok se organizacija garderobe mo\u017ee&nbsp; \u010diniti kao previ\u0161e iscrpljuju\u0107i zadatak budete li slijedili ova pravila, imat \u0107ete funkcionalan ormar s malo truda. -1- Minimalizirajte nered Prvi korak je svo\u0111enje ormara na osnove. Jedan od velikih problema [&hellip;]<\/p>\n","protected":false},"author":1,"featured_media":0,"comment_status":"open","ping_status":"open","sticky":false,"template":"","format":"standard","meta":{"footnotes":""},"categories":[1043,1178,5],"tags":[1510,1162,1135,1145,1163,1101,1136],"class_list":["post-12483","post","type-post","status-publish","format-standard","hentry","category-moda-2018","category-moda-i-stil","category-style_news","tag-garderoba","tag-hlace","tag-kosulje","tag-moderne-suknje","tag-moderne-hlace","tag-suknje","tag-zenske-kosulje"],"_links":{"self":[{"href":"https:\/\/moda.covermagazin.com\/index.php?rest_route=\/wp\/v2\/posts\/12483","targetHints":{"allow":["GET"]}}],"collection":[{"href":"https:\/\/moda.covermagazin.com\/index.php?rest_route=\/wp\/v2\/posts"}],"about":[{"href":"https:\/\/moda.covermagazin.com\/index.php?rest_route=\/wp\/v2\/types\/post"}],"author":[{"embeddable":true,"href":"https:\/\/moda.covermagazin.com\/index.php?rest_route=\/wp\/v2\/users\/1"}],"replies":[{"embeddable":true,"href":"https:\/\/moda.covermagazin.com\/index.php?rest_route=%2Fwp%2Fv2%2Fcomments&post=12483"}],"version-history":[{"count":10,"href":"https:\/\/moda.covermagazin.com\/index.php?rest_route=\/wp\/v2\/posts\/12483\/revisions"}],"predecessor-version":[{"id":49458,"href":"https:\/\/moda.covermagazin.com\/index.php?rest_route=\/wp\/v2\/posts\/12483\/revisions\/49458"}],"wp:attachment":[{"href":"https:\/\/moda.covermagazin.com\/index.php?rest_route=%2Fwp%2Fv2%2Fmedia&parent=12483"}],"wp:term":[{"taxonomy":"category","embeddable":true,"href":"https:\/\/moda.covermagazin.com\/index.php?rest_route=%2Fwp%2Fv2%2Fcategories&post=12483"},{"taxonomy":"post_tag","embeddable":true,"href":"https:\/\/moda.covermagazin.com\/index.php?rest_route=%2Fwp%2Fv2%2Ftags&post=12483"}],"curies":[{"name":"wp","href":"https:\/\/api.w.org\/{rel}","templated":true}]}}