{"id":12386,"date":"2024-12-03T06:14:35","date_gmt":"2024-12-03T04:14:35","guid":{"rendered":"http:\/\/moda.covermagazin.com\/?p=12386"},"modified":"2024-12-19T13:02:43","modified_gmt":"2024-12-19T11:02:43","slug":"moderne-kape-za-zimu","status":"publish","type":"post","link":"https:\/\/moda.covermagazin.com\/?p=12386","title":{"rendered":"Trendi kape za zimu"},"content":{"rendered":"\n<figure class=\"wp-block-image size-full\"><img decoding=\"async\" src=\"https:\/\/moda.covermagazin.com\/wp-content\/uploads\/2010\/12\/kape-zima-2024-6.jpg\" alt=\"\" class=\"wp-image-50824\"\/><\/figure>\n\n\n\n<h3 class=\"wp-block-heading\">Trendi kape za zimu<\/h3>\n\n\n\n<p>Da biste za\u0161titili glavu od hladno\u0107e mno\u0161tvo je najrazli\u010ditijih oblika i uzoraka kapa, ali svake sezone se izdvoji nekoliko in modela.<\/p>\n\n\n\n<p>Ali tko bolje poznaje trendove od poznatih osoba, pa pogledajte kakve kape oni nose.<\/p>\n\n\n\n<figure class=\"wp-block-image size-large\"><img decoding=\"async\" src=\"https:\/\/moda.covermagazin.com\/wp-content\/uploads\/2009\/12\/moderne-kape-12.jpg\" alt=\"\" class=\"wp-image-50863\"\/><\/figure>\n\n\n\n<figure class=\"wp-block-image size-large\"><img decoding=\"async\" src=\"https:\/\/moda.covermagazin.com\/wp-content\/uploads\/2022\/11\/moderne-kape-1-1.jpg\" alt=\"\" class=\"wp-image-50838\"\/><\/figure>\n\n\n\n<figure class=\"wp-block-image size-large\"><img decoding=\"async\" src=\"https:\/\/moda.covermagazin.com\/wp-content\/uploads\/2010\/12\/kape-zima-2024-2.jpg\" alt=\"\" class=\"wp-image-50826\"\/><\/figure>\n\n\n\n<figure class=\"wp-block-image size-large\"><img decoding=\"async\" src=\"https:\/\/moda.covermagazin.com\/wp-content\/uploads\/2010\/12\/kape-zima-2024-3.jpg\" alt=\"\" class=\"wp-image-50825\"\/><\/figure>\n\n\n\n<figure class=\"wp-block-image size-large\"><img decoding=\"async\" src=\"https:\/\/moda.covermagazin.com\/wp-content\/uploads\/2010\/12\/kape-zima-2024-7.jpg\" alt=\"\" class=\"wp-image-50821\"\/><\/figure>\n\n\n\n<figure class=\"wp-block-image size-large\"><img decoding=\"async\" src=\"https:\/\/moda.covermagazin.com\/wp-content\/uploads\/2010\/12\/kape-zima-2024-1.jpg\" alt=\"\" class=\"wp-image-50822\"\/><\/figure>\n\n\n\n<figure class=\"wp-block-image size-large\"><img decoding=\"async\" src=\"https:\/\/moda.covermagazin.com\/wp-content\/uploads\/2010\/12\/kape-zima-2024-6.jpg\" alt=\"\" class=\"wp-image-50824\"\/><\/figure>\n\n\n\n<figure class=\"wp-block-image size-large\"><img decoding=\"async\" src=\"https:\/\/moda.covermagazin.com\/wp-content\/uploads\/2010\/12\/kape-zima-2024-4.jpg\" alt=\"\" class=\"wp-image-50828\"\/><\/figure>\n\n\n\n<p><\/p>\n\n\n\n<p><\/p>\n\n\n\n<p><\/p>\n\n\n\n<p><\/p>\n\n\n\n<p><\/p>\n\n\n\n<p><\/p>\n\n\n\n<p><\/p>\n\n\n\n<p><\/p>\n\n\n\n<p><\/p>\n\n\n\n<p><\/p>\n\n\n\n<p><\/p>\n","protected":false},"excerpt":{"rendered":"<p>Trendi kape za zimu Da biste za\u0161titili glavu od hladno\u0107e mno\u0161tvo je najrazli\u010ditijih oblika i uzoraka kapa, ali svake sezone se izdvoji nekoliko in modela. Ali tko bolje poznaje trendove od poznatih osoba, pa pogledajte kakve kape oni nose.<\/p>\n","protected":false},"author":1,"featured_media":0,"comment_status":"open","ping_status":"open","sticky":false,"template":"","format":"standard","meta":{"footnotes":""},"categories":[1043],"tags":[1227],"class_list":["post-12386","post","type-post","status-publish","format-standard","hentry","category-moda-2018","tag-moderne-kape"],"_links":{"self":[{"href":"https:\/\/moda.covermagazin.com\/index.php?rest_route=\/wp\/v2\/posts\/12386","targetHints":{"allow":["GET"]}}],"collection":[{"href":"https:\/\/moda.covermagazin.com\/index.php?rest_route=\/wp\/v2\/posts"}],"about":[{"href":"https:\/\/moda.covermagazin.com\/index.php?rest_route=\/wp\/v2\/types\/post"}],"author":[{"embeddable":true,"href":"https:\/\/moda.covermagazin.com\/index.php?rest_route=\/wp\/v2\/users\/1"}],"replies":[{"embeddable":true,"href":"https:\/\/moda.covermagazin.com\/index.php?rest_route=%2Fwp%2Fv2%2Fcomments&post=12386"}],"version-history":[{"count":5,"href":"https:\/\/moda.covermagazin.com\/index.php?rest_route=\/wp\/v2\/posts\/12386\/revisions"}],"predecessor-version":[{"id":50875,"href":"https:\/\/moda.covermagazin.com\/index.php?rest_route=\/wp\/v2\/posts\/12386\/revisions\/50875"}],"wp:attachment":[{"href":"https:\/\/moda.covermagazin.com\/index.php?rest_route=%2Fwp%2Fv2%2Fmedia&parent=12386"}],"wp:term":[{"taxonomy":"category","embeddable":true,"href":"https:\/\/moda.covermagazin.com\/index.php?rest_route=%2Fwp%2Fv2%2Fcategories&post=12386"},{"taxonomy":"post_tag","embeddable":true,"href":"https:\/\/moda.covermagazin.com\/index.php?rest_route=%2Fwp%2Fv2%2Ftags&post=12386"}],"curies":[{"name":"wp","href":"https:\/\/api.w.org\/{rel}","templated":true}]}}