{"id":12313,"date":"2024-11-14T06:22:00","date_gmt":"2024-11-14T04:22:00","guid":{"rendered":"http:\/\/moda.covermagazin.com\/?p=12313"},"modified":"2025-01-08T19:05:39","modified_gmt":"2025-01-08T17:05:39","slug":"najpopularnije-frizure-za-kratku-kosu","status":"publish","type":"post","link":"https:\/\/moda.covermagazin.com\/?p=12313","title":{"rendered":"Najpopularnije frizure za kratku kosu"},"content":{"rendered":"\n<figure class=\"wp-block-image size-full\"><img decoding=\"async\" src=\"https:\/\/moda.covermagazin.com\/wp-content\/uploads\/2023\/09\/bob-frizura-zima-2024-cover.jpg\" alt=\"\" class=\"wp-image-50566\"\/><\/figure>\n\n\n\n<h3 class=\"wp-block-heading\">Najpopularnije frizure za kratku kosu<\/h3>\n\n\n\n<p>Biti moderan s kratkom kosom nikad nije bilo lak\u0161e. Ove godine toliko je razli\u010ditih stilova moderno, da gotovo svaka osoba mo\u017ee na\u0107i modernu kratku frizuru, a da joj pristaje.<\/p>\n\n\n\n<p>Ispod mo\u017eete pogledati najpopularnije frizure za kratku kosu i uvjeriti se u njihovu raznovrsnost.<\/p>\n\n\n\n<figure class=\"wp-block-gallery has-nested-images columns-default is-cropped wp-block-gallery-1 is-layout-flex wp-block-gallery-is-layout-flex\">\n<figure class=\"wp-block-image size-large\"><img decoding=\"async\" data-id=\"50606\" src=\"https:\/\/moda.covermagazin.com\/wp-content\/uploads\/2023\/07\/Kratke-frizure-za-mlade-zene-5.jpg\" alt=\"\" class=\"wp-image-50606\"\/><\/figure>\n\n\n\n<figure class=\"wp-block-image size-large\"><img decoding=\"async\" data-id=\"50607\" src=\"https:\/\/moda.covermagazin.com\/wp-content\/uploads\/2023\/07\/Kratke-frizure-za-mlade-zene-2.jpg\" alt=\"\" class=\"wp-image-50607\"\/><\/figure>\n\n\n\n<figure class=\"wp-block-image size-large\"><img decoding=\"async\" data-id=\"50608\" src=\"https:\/\/moda.covermagazin.com\/wp-content\/uploads\/2023\/07\/Kratke-frizure-za-mlade-zene-1.jpg\" alt=\"\" class=\"wp-image-50608\"\/><\/figure>\n\n\n\n<figure class=\"wp-block-image size-large\"><img decoding=\"async\" data-id=\"50599\" src=\"https:\/\/moda.covermagazin.com\/wp-content\/uploads\/2023\/05\/kratka-kosa-2024-f.jpg\" alt=\"\" class=\"wp-image-50599\"\/><\/figure>\n\n\n\n<figure class=\"wp-block-image size-large\"><img decoding=\"async\" data-id=\"50579\" src=\"https:\/\/moda.covermagazin.com\/wp-content\/uploads\/2020\/09\/kratke-frizure-a2.jpg\" alt=\"\" class=\"wp-image-50579\"\/><\/figure>\n\n\n\n<figure class=\"wp-block-image size-large\"><img decoding=\"async\" data-id=\"50581\" src=\"https:\/\/moda.covermagazin.com\/wp-content\/uploads\/2020\/09\/kratke-frizure-2024-cover.jpg\" alt=\"\" class=\"wp-image-50581\"\/><\/figure>\n\n\n\n<figure class=\"wp-block-image size-large\"><img decoding=\"async\" data-id=\"49372\" src=\"https:\/\/moda.covermagazin.com\/wp-content\/uploads\/2024\/06\/kratke-frizure.jpg\" alt=\"\" class=\"wp-image-49372\"\/><\/figure>\n\n\n\n<figure class=\"wp-block-image size-large\"><img decoding=\"async\" data-id=\"49369\" src=\"https:\/\/moda.covermagazin.com\/wp-content\/uploads\/2024\/06\/Moderne-KRATKE-FRIZURE-1.jpg\" alt=\"\" class=\"wp-image-49369\"\/><\/figure>\n\n\n\n<figure class=\"wp-block-image size-large\"><img decoding=\"async\" data-id=\"49367\" src=\"https:\/\/moda.covermagazin.com\/wp-content\/uploads\/2024\/06\/Moderne-KRATKE-FRIZURE-3.jpg\" alt=\"\" class=\"wp-image-49367\"\/><\/figure>\n\n\n\n<figure class=\"wp-block-image size-large\"><img decoding=\"async\" data-id=\"49368\" src=\"https:\/\/moda.covermagazin.com\/wp-content\/uploads\/2024\/06\/Moderne-KRATKE-FRIZURE-2.jpg\" alt=\"\" class=\"wp-image-49368\"\/><\/figure>\n\n\n\n<figure class=\"wp-block-image size-large\"><img decoding=\"async\" data-id=\"49381\" src=\"https:\/\/moda.covermagazin.com\/wp-content\/uploads\/2024\/06\/kratke-frizure-1.jpg\" alt=\"\" class=\"wp-image-49381\"\/><\/figure>\n\n\n\n<figure class=\"wp-block-image size-large\"><img decoding=\"async\" data-id=\"50566\" src=\"https:\/\/moda.covermagazin.com\/wp-content\/uploads\/2023\/09\/bob-frizura-zima-2024-cover.jpg\" alt=\"\" class=\"wp-image-50566\"\/><\/figure>\n\n\n\n<figure class=\"wp-block-image size-large\"><img decoding=\"async\" data-id=\"50570\" src=\"https:\/\/moda.covermagazin.com\/wp-content\/uploads\/2024\/11\/kratke-frizure-2024-cover.jpg\" alt=\"\" class=\"wp-image-50570\"\/><\/figure>\n\n\n\n<figure class=\"wp-block-image size-large\"><img decoding=\"async\" data-id=\"50577\" src=\"https:\/\/moda.covermagazin.com\/wp-content\/uploads\/2020\/09\/kratke-frizure-a4.jpg\" alt=\"\" class=\"wp-image-50577\"\/><\/figure>\n\n\n\n<figure class=\"wp-block-image size-large\"><img decoding=\"async\" data-id=\"50589\" src=\"https:\/\/moda.covermagazin.com\/wp-content\/uploads\/2022\/03\/kratke-frizure-za-2024-1.jpg\" alt=\"\" class=\"wp-image-50589\"\/><\/figure>\n\n\n\n<figure class=\"wp-block-image size-large\"><img decoding=\"async\" data-id=\"50576\" src=\"https:\/\/moda.covermagazin.com\/wp-content\/uploads\/2020\/09\/kratke-frizure-a5.jpg\" alt=\"\" class=\"wp-image-50576\"\/><\/figure>\n\n\n\n<figure class=\"wp-block-image size-large\"><img decoding=\"async\" data-id=\"50578\" src=\"https:\/\/moda.covermagazin.com\/wp-content\/uploads\/2020\/09\/kratke-frizure-a3.jpg\" alt=\"\" class=\"wp-image-50578\"\/><\/figure>\n\n\n\n<figure class=\"wp-block-image size-large\"><img decoding=\"async\" data-id=\"50580\" src=\"https:\/\/moda.covermagazin.com\/wp-content\/uploads\/2020\/09\/kratke-frizure-a1.jpg\" alt=\"\" class=\"wp-image-50580\"\/><\/figure>\n\n\n\n<figure class=\"wp-block-image size-large\"><img decoding=\"async\" data-id=\"49181\" src=\"https:\/\/moda.covermagazin.com\/wp-content\/uploads\/2013\/01\/frizure-sa-siskama-poznati-5.jpg\" alt=\"\" class=\"wp-image-49181\"\/><\/figure>\n\n\n\n<figure class=\"wp-block-image size-large\"><img decoding=\"async\" data-id=\"48214\" src=\"https:\/\/moda.covermagazin.com\/wp-content\/uploads\/2021\/01\/kratke-frizure-3.jpg\" alt=\"\" class=\"wp-image-48214\"\/><\/figure>\n<\/figure>\n","protected":false},"excerpt":{"rendered":"<p>Najpopularnije frizure za kratku kosu Biti moderan s kratkom kosom nikad nije bilo lak\u0161e. Ove godine toliko je razli\u010ditih stilova moderno, da gotovo svaka osoba mo\u017ee na\u0107i modernu kratku frizuru, a da joj pristaje. Ispod mo\u017eete pogledati najpopularnije frizure za kratku kosu i uvjeriti se u njihovu raznovrsnost.<\/p>\n","protected":false},"author":1,"featured_media":0,"comment_status":"open","ping_status":"open","sticky":false,"template":"","format":"standard","meta":{"footnotes":""},"categories":[4],"tags":[1085,1192,1213,1322,1330,1196],"class_list":["post-12313","post","type-post","status-publish","format-standard","hentry","category-frizure_poznatih","tag-frizure","tag-kratka-kosa","tag-kratke-frizure","tag-moderne-kratke-frizure-za-zene-srednjih-godina","tag-moda-jesen","tag-moderne-kratke-frizure"],"_links":{"self":[{"href":"https:\/\/moda.covermagazin.com\/index.php?rest_route=\/wp\/v2\/posts\/12313","targetHints":{"allow":["GET"]}}],"collection":[{"href":"https:\/\/moda.covermagazin.com\/index.php?rest_route=\/wp\/v2\/posts"}],"about":[{"href":"https:\/\/moda.covermagazin.com\/index.php?rest_route=\/wp\/v2\/types\/post"}],"author":[{"embeddable":true,"href":"https:\/\/moda.covermagazin.com\/index.php?rest_route=\/wp\/v2\/users\/1"}],"replies":[{"embeddable":true,"href":"https:\/\/moda.covermagazin.com\/index.php?rest_route=%2Fwp%2Fv2%2Fcomments&post=12313"}],"version-history":[{"count":8,"href":"https:\/\/moda.covermagazin.com\/index.php?rest_route=\/wp\/v2\/posts\/12313\/revisions"}],"predecessor-version":[{"id":50618,"href":"https:\/\/moda.covermagazin.com\/index.php?rest_route=\/wp\/v2\/posts\/12313\/revisions\/50618"}],"wp:attachment":[{"href":"https:\/\/moda.covermagazin.com\/index.php?rest_route=%2Fwp%2Fv2%2Fmedia&parent=12313"}],"wp:term":[{"taxonomy":"category","embeddable":true,"href":"https:\/\/moda.covermagazin.com\/index.php?rest_route=%2Fwp%2Fv2%2Fcategories&post=12313"},{"taxonomy":"post_tag","embeddable":true,"href":"https:\/\/moda.covermagazin.com\/index.php?rest_route=%2Fwp%2Fv2%2Ftags&post=12313"}],"curies":[{"name":"wp","href":"https:\/\/api.w.org\/{rel}","templated":true}]}}