{"id":12035,"date":"2023-07-13T11:25:09","date_gmt":"2023-07-13T09:25:09","guid":{"rendered":"http:\/\/moda.covermagazin.com\/?p=12035"},"modified":"2024-09-30T18:42:17","modified_gmt":"2024-09-30T16:42:17","slug":"moderne-traperice-za-2012","status":"publish","type":"post","link":"https:\/\/moda.covermagazin.com\/?p=12035","title":{"rendered":"Moderne traperice kakve nose zvijezde"},"content":{"rendered":"\n<figure class=\"wp-block-image size-large\"><img decoding=\"async\" src=\"https:\/\/moda.covermagazin.com\/wp-content\/uploads\/2023\/07\/traperice-cover.jpg\" alt=\"\" class=\"wp-image-44929\"\/><\/figure>\n\n\n\n<h2 class=\"wp-block-heading\">Moderne traperice<\/h2>\n\n\n\n<p>Te\u0161ko je prona\u0107i osobu koja u svojoj garderobi nema jeans hla\u010de. Neva\u017eno o godinama, obliku tijela i stilu traperice svi vole. Mnogi \u017eive u jeansu, te su u njemu od \u0161etnje parkom, kave s prijateljima, do posla ako imaju le\u017eeran stil odijevanja na poslu.<\/p>\n\n\n\n<p>\u010cini se kako dobre traperice nikad ne izlaze iz mode, ali ipak svake godine neke su modernije, a neke manje moderne. Ispod su traperice koje su moderne ove sezone i kakve su nosile poznate zvijezde posljednjih nekoliko dana.<\/p>\n\n\n\n<figure class=\"wp-block-image size-large\"><img decoding=\"async\" src=\"https:\/\/moda.covermagazin.com\/wp-content\/uploads\/2023\/07\/traperice-4.jpg\" alt=\"\" class=\"wp-image-44925\"\/><figcaption class=\"wp-element-caption\">Heidi Klum<\/figcaption><\/figure>\n\n\n\n<figure class=\"wp-block-image size-large\"><img decoding=\"async\" src=\"https:\/\/moda.covermagazin.com\/wp-content\/uploads\/2023\/07\/traperice-3.jpg\" alt=\"\" class=\"wp-image-44926\"\/><figcaption class=\"wp-element-caption\">Ariana Madix i Lala Kent<\/figcaption><\/figure>\n\n\n\n<figure class=\"wp-block-image size-large\"><img decoding=\"async\" src=\"https:\/\/moda.covermagazin.com\/wp-content\/uploads\/2023\/07\/traperice-2.jpg\" alt=\"\" class=\"wp-image-44928\"\/><figcaption class=\"wp-element-caption\">Kyle Richards<\/figcaption><\/figure>\n\n\n\n<figure class=\"wp-block-image size-large\"><img decoding=\"async\" src=\"https:\/\/moda.covermagazin.com\/wp-content\/uploads\/2023\/07\/traperice-1.jpg\" alt=\"\" class=\"wp-image-44927\"\/><figcaption class=\"wp-element-caption\">Amelia Hamlin<\/figcaption><\/figure>\n","protected":false},"excerpt":{"rendered":"<p>Moderne traperice Te\u0161ko je prona\u0107i osobu koja u svojoj garderobi nema jeans hla\u010de. Neva\u017eno o godinama, obliku tijela i stilu traperice svi vole. Mnogi \u017eive u jeansu, te su u njemu od \u0161etnje parkom, kave s prijateljima, do posla ako imaju le\u017eeran stil odijevanja na poslu. \u010cini se kako dobre traperice nikad ne izlaze iz [&hellip;]<\/p>\n","protected":false},"author":3,"featured_media":0,"comment_status":"open","ping_status":"open","sticky":false,"template":"","format":"standard","meta":{"footnotes":""},"categories":[3],"tags":[1183,1182,1185,1163,1184],"class_list":["post-12035","post","type-post","status-publish","format-standard","hentry","category-modni_trendovi","tag-moderne-jeans-kombinacije","tag-moderne-traper-kombinacije","tag-moderne-traperice","tag-moderne-hlace","tag-traperice"],"_links":{"self":[{"href":"https:\/\/moda.covermagazin.com\/index.php?rest_route=\/wp\/v2\/posts\/12035","targetHints":{"allow":["GET"]}}],"collection":[{"href":"https:\/\/moda.covermagazin.com\/index.php?rest_route=\/wp\/v2\/posts"}],"about":[{"href":"https:\/\/moda.covermagazin.com\/index.php?rest_route=\/wp\/v2\/types\/post"}],"author":[{"embeddable":true,"href":"https:\/\/moda.covermagazin.com\/index.php?rest_route=\/wp\/v2\/users\/3"}],"replies":[{"embeddable":true,"href":"https:\/\/moda.covermagazin.com\/index.php?rest_route=%2Fwp%2Fv2%2Fcomments&post=12035"}],"version-history":[{"count":10,"href":"https:\/\/moda.covermagazin.com\/index.php?rest_route=\/wp\/v2\/posts\/12035\/revisions"}],"predecessor-version":[{"id":48394,"href":"https:\/\/moda.covermagazin.com\/index.php?rest_route=\/wp\/v2\/posts\/12035\/revisions\/48394"}],"wp:attachment":[{"href":"https:\/\/moda.covermagazin.com\/index.php?rest_route=%2Fwp%2Fv2%2Fmedia&parent=12035"}],"wp:term":[{"taxonomy":"category","embeddable":true,"href":"https:\/\/moda.covermagazin.com\/index.php?rest_route=%2Fwp%2Fv2%2Fcategories&post=12035"},{"taxonomy":"post_tag","embeddable":true,"href":"https:\/\/moda.covermagazin.com\/index.php?rest_route=%2Fwp%2Fv2%2Ftags&post=12035"}],"curies":[{"name":"wp","href":"https:\/\/api.w.org\/{rel}","templated":true}]}}