{"id":11626,"date":"2024-09-01T08:56:00","date_gmt":"2024-09-01T06:56:00","guid":{"rendered":"http:\/\/moda.covermagazin.com\/?p=11626"},"modified":"2024-12-05T10:44:36","modified_gmt":"2024-12-05T08:44:36","slug":"kako-i-zimi-putovati-lagodno-i-sa-stilom","status":"publish","type":"post","link":"https:\/\/moda.covermagazin.com\/?p=11626","title":{"rendered":"Kako putovati lagodno i sa stilom i u hladnijim danima"},"content":{"rendered":"\n<figure class=\"wp-block-image size-full\"><img decoding=\"async\" src=\"https:\/\/moda.covermagazin.com\/wp-content\/uploads\/2020\/12\/Pakirane.jpg\" alt=\"\" class=\"wp-image-49215\"\/><\/figure>\n\n\n\n<p>&nbsp;<\/p>\n\n\n\n<h2 class=\"wp-block-heading\">Kako putovati lagodno i sa stilom i u hladnijim danima<\/h2>\n\n\n\n<p>Ova zima nije kao obi\u010dno puna putovanja i izleta, ali neka putovanja nemogu\u0107e je izbje\u0107i. Naravno, nitko ne \u017eeli vu\u0107i sa sobom tonu prtljage, me\u0111utim \u010dini se kako je to neizbje\u017eno uz kapute, \u010dizme i d\u017eempere. Ipak, uz pomo\u0107 nekih trikova mo\u017eete smanjiti koli\u010dinu prtljage koju nosite na put, \u010dak i kada vam treba puno vi\u0161e toga \u0161to \u0107ete obu\u0107i nego ljeti.<\/p>\n\n\n\n<p>-1- Investirajte u lagani kofer s kota\u010dima. On mo\u017eda ne\u0107e izgledati najsla\u0111e na svijetu, ali \u0107e definitivno olak\u0161ati va\u0161a putovanja. Nemojte zaboraviti uzeti u obzir te\u017einu praznog kofera, te izaberite najlak\u0161i koji mo\u017eete prona\u0107i.<\/p>\n\n\n\n<p>-2- Druga stvar koju trebate nabaviti je velika ru\u010dna torba. Uz nju ponesite tek jednu manju pismo torbu za ve\u010dernje izlaske. Torbe srednjih veli\u010dina za putovanja izostavite.<\/p>\n\n\n\n<p>-3- Najte\u017ee komade odje\u0107e nosite na sebi. Perjanicu obucite na sebe, \u010dizmice i sli\u010dne komade. Na taj na\u010din \u0107ete osloboditi mnogo prostora u koferu.<\/p>\n\n\n\n<p>-4- Usredoto\u010dite se na tanje veste i haljine. Hla\u010de i d\u017eemperi zauzimaju mnogo vi\u0161e prostora od haljina. Nosite li haljine imat \u0107ete prostora u koferu za mnogo vi\u0161e kombinacija i izbora.<\/p>\n\n\n\n<p>-5- Ograni\u010dite nakit i modne dodatke. Nosite neutralnije komade koji \u0107e odgovarati gotovo uz svu odje\u0107u.<\/p>\n\n\n\n<p>-6- Kozmetiku minimalizirajte putnim pakiranjima, te \u0161minkom koju naj\u010de\u0161\u0107e koristite. Ne trebate nositi sve \u0161to imate.<\/p>\n","protected":false},"excerpt":{"rendered":"<p>&nbsp; Kako putovati lagodno i sa stilom i u hladnijim danima Ova zima nije kao obi\u010dno puna putovanja i izleta, ali neka putovanja nemogu\u0107e je izbje\u0107i. Naravno, nitko ne \u017eeli vu\u0107i sa sobom tonu prtljage, me\u0111utim \u010dini se kako je to neizbje\u017eno uz kapute, \u010dizme i d\u017eempere. Ipak, uz pomo\u0107 nekih trikova mo\u017eete smanjiti koli\u010dinu [&hellip;]<\/p>\n","protected":false},"author":1,"featured_media":0,"comment_status":"open","ping_status":"open","sticky":false,"template":"","format":"standard","meta":{"footnotes":""},"categories":[1043,5],"tags":[1100],"class_list":["post-11626","post","type-post","status-publish","format-standard","hentry","category-moda-2018","category-style_news","tag-stil"],"_links":{"self":[{"href":"https:\/\/moda.covermagazin.com\/index.php?rest_route=\/wp\/v2\/posts\/11626","targetHints":{"allow":["GET"]}}],"collection":[{"href":"https:\/\/moda.covermagazin.com\/index.php?rest_route=\/wp\/v2\/posts"}],"about":[{"href":"https:\/\/moda.covermagazin.com\/index.php?rest_route=\/wp\/v2\/types\/post"}],"author":[{"embeddable":true,"href":"https:\/\/moda.covermagazin.com\/index.php?rest_route=\/wp\/v2\/users\/1"}],"replies":[{"embeddable":true,"href":"https:\/\/moda.covermagazin.com\/index.php?rest_route=%2Fwp%2Fv2%2Fcomments&post=11626"}],"version-history":[{"count":10,"href":"https:\/\/moda.covermagazin.com\/index.php?rest_route=\/wp\/v2\/posts\/11626\/revisions"}],"predecessor-version":[{"id":49216,"href":"https:\/\/moda.covermagazin.com\/index.php?rest_route=\/wp\/v2\/posts\/11626\/revisions\/49216"}],"wp:attachment":[{"href":"https:\/\/moda.covermagazin.com\/index.php?rest_route=%2Fwp%2Fv2%2Fmedia&parent=11626"}],"wp:term":[{"taxonomy":"category","embeddable":true,"href":"https:\/\/moda.covermagazin.com\/index.php?rest_route=%2Fwp%2Fv2%2Fcategories&post=11626"},{"taxonomy":"post_tag","embeddable":true,"href":"https:\/\/moda.covermagazin.com\/index.php?rest_route=%2Fwp%2Fv2%2Ftags&post=11626"}],"curies":[{"name":"wp","href":"https:\/\/api.w.org\/{rel}","templated":true}]}}